{"id":1028,"date":"2023-01-02T17:35:16","date_gmt":"2023-01-02T17:35:16","guid":{"rendered":"https:\/\/arbetarkultur.se\/?p=1028"},"modified":"2023-01-02T17:35:16","modified_gmt":"2023-01-02T17:35:16","slug":"minnesinsamling-finska-krigsbarn","status":"publish","type":"post","link":"https:\/\/arbetarkultur.se\/?p=1028","title":{"rendered":"<strong>Minnesinsamling finska krigsbarn<\/strong>"},"content":{"rendered":"\n<p>AKS-medlemmen Susanna Alakoski \u00e4r engagerad i \u201dLiv i Sveriges\u201d projekt om minnesinsamlingen:<\/p>\n\n\n\n<p><em>&#8221;Uppropet som bifogas i bilagan, v\u00e4nder sig till alla som \u00e4r finska krigsbarn, barn, barnbarn eller p\u00e5 annat s\u00e4tt sl\u00e4kt med n\u00e5gon som \u00e4r det.&#8221;<\/em><\/p>\n\n\n\n<p>Text skickas till f\u00f6reningen Liv i Sverige, utvalda texter ges ut i en bok av Ordfront f\u00f6rlag, men alla texter som kommer in arkiveras hos Nordiska museet f\u00f6r framtida forskning.<\/p>\n\n\n\n<p>Deadline 15 mars 2023.<\/p>\n\n\n\n<p>Fr\u00e5gor besvaras av redakt\u00f6ren,\u00a0<a rel=\"noreferrer noopener\" href=\"mailto:ingrid.sjokvist@livisverige.org\" target=\"_blank\">ingrid.sjokvist@livisverige.org<\/a>, 070-542 4207<\/p>\n\n\n\n<p>Liv i Sverige\u00a0<a rel=\"noreferrer noopener\" href=\"https:\/\/livisverige.org\/\" target=\"_blank\">https:\/\/livisverige.org\/<\/a><\/p>\n\n\n\n<p>Facebook:\u00a0<a rel=\"noreferrer noopener\" href=\"https:\/\/www.facebook.com\/livisverige.org\" target=\"_blank\">https:\/\/www.facebook.com\/livisverige.org<\/a><\/p>\n\n\n\n<figure class=\"wp-block-image size-large\"><img loading=\"lazy\" decoding=\"async\" width=\"720\" height=\"1024\" src=\"https:\/\/arbetarkultur.se\/wp-content\/uploads\/2023\/01\/IMG_9055-720x1024.jpg\" alt=\"\" class=\"wp-image-1030\" srcset=\"https:\/\/arbetarkultur.se\/wp-content\/uploads\/2023\/01\/IMG_9055-720x1024.jpg 720w, https:\/\/arbetarkultur.se\/wp-content\/uploads\/2023\/01\/IMG_9055-211x300.jpg 211w, https:\/\/arbetarkultur.se\/wp-content\/uploads\/2023\/01\/IMG_9055-768x1092.jpg 768w, https:\/\/arbetarkultur.se\/wp-content\/uploads\/2023\/01\/IMG_9055.jpg 900w\" sizes=\"auto, (max-width: 720px) 100vw, 720px\" \/><\/figure>\n","protected":false},"excerpt":{"rendered":"<p>AKS-medlemmen Susanna Alakoski \u00e4r engagerad i \u201dLiv i Sveriges\u201d projekt om minnesinsamlingen: &#8221;Uppropet som bifogas i bilagan, v\u00e4nder sig till alla som \u00e4r finska&#8230;<\/p>\n","protected":false},"author":1,"featured_media":0,"comment_status":"open","ping_status":"open","sticky":false,"template":"","format":"standard","meta":{"footnotes":""},"categories":[1],"tags":[],"class_list":["post-1028","post","type-post","status-publish","format-standard","hentry","category-nyheter"],"_links":{"self":[{"href":"https:\/\/arbetarkultur.se\/index.php?rest_route=\/wp\/v2\/posts\/1028","targetHints":{"allow":["GET"]}}],"collection":[{"href":"https:\/\/arbetarkultur.se\/index.php?rest_route=\/wp\/v2\/posts"}],"about":[{"href":"https:\/\/arbetarkultur.se\/index.php?rest_route=\/wp\/v2\/types\/post"}],"author":[{"embeddable":true,"href":"https:\/\/arbetarkultur.se\/index.php?rest_route=\/wp\/v2\/users\/1"}],"replies":[{"embeddable":true,"href":"https:\/\/arbetarkultur.se\/index.php?rest_route=%2Fwp%2Fv2%2Fcomments&post=1028"}],"version-history":[{"count":2,"href":"https:\/\/arbetarkultur.se\/index.php?rest_route=\/wp\/v2\/posts\/1028\/revisions"}],"predecessor-version":[{"id":1031,"href":"https:\/\/arbetarkultur.se\/index.php?rest_route=\/wp\/v2\/posts\/1028\/revisions\/1031"}],"wp:attachment":[{"href":"https:\/\/arbetarkultur.se\/index.php?rest_route=%2Fwp%2Fv2%2Fmedia&parent=1028"}],"wp:term":[{"taxonomy":"category","embeddable":true,"href":"https:\/\/arbetarkultur.se\/index.php?rest_route=%2Fwp%2Fv2%2Fcategories&post=1028"},{"taxonomy":"post_tag","embeddable":true,"href":"https:\/\/arbetarkultur.se\/index.php?rest_route=%2Fwp%2Fv2%2Ftags&post=1028"}],"curies":[{"name":"wp","href":"https:\/\/api.w.org\/{rel}","templated":true}]}}