{"id":1032,"date":"2023-01-02T17:38:18","date_gmt":"2023-01-02T17:38:18","guid":{"rendered":"https:\/\/arbetarkultur.se\/?p=1032"},"modified":"2023-01-17T18:16:50","modified_gmt":"2023-01-17T18:16:50","slug":"hamta-garna-medlemsboken-pa-abf-huset","status":"publish","type":"post","link":"https:\/\/arbetarkultur.se\/?p=1032","title":{"rendered":"H\u00e4mta g\u00e4rna medlemsboken p\u00e5 ABF-huset"},"content":{"rendered":"\n<p>Nu forts\u00e4tter vi med att distribuera <a href=\"https:\/\/arbetarkultur.se\/?p=907\">medlemsboken<\/a> f\u00f6r 2022 till medlemmarna i Stockholmsomr\u00e5det.<\/p>\n\n\n\n<p><strong>Tisdagen den\u00a010 januari\u00a0kl 15.00-18.00<\/strong> och <strong>torsdagen den\u00a012 januari\u00a0kl 12.00-16.00<\/strong> finns vi p\u00e5 plats i entr\u00e9n p\u00e5 ABF-huset, Sveav\u00e4gen 41 f\u00f6r alla som har m\u00f6jlighet att h\u00e4mta sin bok \u2013 till \u00f6vriga skickar vi naturligtvis med posten.<\/p>\n\n\n\n<p>Vi l\u00e4gger till ett extra tillf\u00e4lle att h\u00e4mta medlemsboken: <strong>torsdag 26 januari 2023 klockan 15:00-18:00<\/strong><br>i entr\u00e9n till ABF-huset.<\/p>\n","protected":false},"excerpt":{"rendered":"<p>Nu forts\u00e4tter vi med att distribuera medlemsboken f\u00f6r 2022 till medlemmarna i Stockholmsomr\u00e5det. Tisdagen den\u00a010 januari\u00a0kl 15.00-18.00 och torsdagen den\u00a012 januari\u00a0kl 12.00-16.00 finns vi&#8230;<\/p>\n","protected":false},"author":1,"featured_media":0,"comment_status":"open","ping_status":"open","sticky":false,"template":"","format":"standard","meta":{"footnotes":""},"categories":[5,10,1],"tags":[],"class_list":["post-1032","post","type-post","status-publish","format-standard","hentry","category-bokutgivning","category-medlemsinformation","category-nyheter"],"_links":{"self":[{"href":"https:\/\/arbetarkultur.se\/index.php?rest_route=\/wp\/v2\/posts\/1032","targetHints":{"allow":["GET"]}}],"collection":[{"href":"https:\/\/arbetarkultur.se\/index.php?rest_route=\/wp\/v2\/posts"}],"about":[{"href":"https:\/\/arbetarkultur.se\/index.php?rest_route=\/wp\/v2\/types\/post"}],"author":[{"embeddable":true,"href":"https:\/\/arbetarkultur.se\/index.php?rest_route=\/wp\/v2\/users\/1"}],"replies":[{"embeddable":true,"href":"https:\/\/arbetarkultur.se\/index.php?rest_route=%2Fwp%2Fv2%2Fcomments&post=1032"}],"version-history":[{"count":4,"href":"https:\/\/arbetarkultur.se\/index.php?rest_route=\/wp\/v2\/posts\/1032\/revisions"}],"predecessor-version":[{"id":1072,"href":"https:\/\/arbetarkultur.se\/index.php?rest_route=\/wp\/v2\/posts\/1032\/revisions\/1072"}],"wp:attachment":[{"href":"https:\/\/arbetarkultur.se\/index.php?rest_route=%2Fwp%2Fv2%2Fmedia&parent=1032"}],"wp:term":[{"taxonomy":"category","embeddable":true,"href":"https:\/\/arbetarkultur.se\/index.php?rest_route=%2Fwp%2Fv2%2Fcategories&post=1032"},{"taxonomy":"post_tag","embeddable":true,"href":"https:\/\/arbetarkultur.se\/index.php?rest_route=%2Fwp%2Fv2%2Ftags&post=1032"}],"curies":[{"name":"wp","href":"https:\/\/api.w.org\/{rel}","templated":true}]}}