{"id":1037,"date":"2023-01-09T10:56:25","date_gmt":"2023-01-09T10:56:25","guid":{"rendered":"https:\/\/arbetarkultur.se\/?p=1037"},"modified":"2023-01-23T10:53:14","modified_gmt":"2023-01-23T10:53:14","slug":"arbetarlitteraturens-dag-2023","status":"publish","type":"post","link":"https:\/\/arbetarkultur.se\/?p=1037","title":{"rendered":"Arbetarlitteraturens dag 2023"},"content":{"rendered":"\n<p><strong>Tid:<\/strong> L\u00f6rdag 28 januari 2023, kl 10:00-16:00<br><strong>Plats:<\/strong> Arbetarr\u00f6relsens arkiv och bibliotek, Elektronv\u00e4gen 2, Huddinge<\/p>\n\n\n\n<p>Arbetarnas Kulturhistoriska S\u00e4llskap och Arbetarr\u00f6relsens arkiv och bibliotek \u00f6ppnar \u00e5ter upp f\u00f6r att fira Arbetarlitteraturens dag.<\/p>\n\n\n\n<p>V\u00e4lkommen till en dag om och med arbetarlitteratur! Under dagen kommer bes\u00f6karna att f\u00e5 ta del av b\u00e5de bokbord av inbjudna arbetarf\u00f6rfattars\u00e4llskap, samt presentationer av dessa.<\/p>\n\n\n\n<p>Vi har \u00e4ven gl\u00e4djen att meddela att Robert Nyberg kommer att medverka under dagen.<\/p>\n\n\n\n<p><strong>De s\u00e4llskap som har anm\u00e4lt bokbord \u00e4r:<\/strong><br>Arbetarnas Kulturhistoriska S\u00e4llskap<br>Ove Allanssons\u00e4llskapet<br>F\u00f6reningen Arbetarskrivare<br>Jan Frideg\u00e5rds\u00e4llskapet<br>Gunnar Kieris\u00e4llskapet<br>Sara Lidmans\u00e4llskapet<br>Ivar Lo-s\u00e4llskapet<br>Moas v\u00e4nner<br>Maria Sandels\u00e4llskapet<br>Stig Sj\u00f6dins\u00e4llskapet<br>Karl \u00d6stmans\u00e4llskapet<br>Helga Henschens v\u00e4nner<\/p>\n\n\n\n<p><strong>Schema<\/strong><br><strong>10.00<\/strong> D\u00f6rrarna \u00f6ppnas f\u00f6r alla intresserade. <br><strong>11.00 \u2013 12.00<\/strong> H\u00e5kan Nilsson, chef p\u00e5 Arbetarr\u00f6relsens arkiv och bibliotek h\u00e4lsar v\u00e4lkommen och d\u00e4refter b\u00f6rjar s\u00e4llskapen att ber\u00e4tta om sin verksamhet.<br><strong>12.00 \u2013 13.00<\/strong>\u00a0Paus d\u00e5 man kan tillhandla sig sm\u00f6rg\u00e5s och till sj\u00e4lvkostnadspris \u2013 ARAB bjuder p\u00e5 kaffe och kaka.<br><strong>13.00<\/strong> F\u00f6rfattaren och tecknaren Robert Nyberg ber\u00e4ttar om sina b\u00f6cker och bilder.<br><strong>14.00 \u2013 16.00<\/strong>\u00a0S\u00e4llskapen ber\u00e4ttar om sin verksamhet.<\/p>\n\n\n\n<p><a href=\"https:\/\/www.arbark.se\/sv\/2023\/01\/arbetarlitteraturens-dag-2023\/\">L\u00e4s \u00e4ven hos Arbetarr\u00f6relsens arkiv och bibliotek.<\/a><\/p>\n\n\n\n<p><a href=\"https:\/\/www.facebook.com\/events\/553031250032650?ref=newsfeed\">L\u00e4s mer p\u00e5 Facebook.<\/a><\/p>\n\n\n\n<figure class=\"wp-block-image size-large\"><img loading=\"lazy\" decoding=\"async\" width=\"724\" height=\"1024\" src=\"https:\/\/arbetarkultur.se\/wp-content\/uploads\/2023\/01\/arb-littdag-2023-affisch-1086x1536-1-724x1024.jpg\" alt=\"\" class=\"wp-image-1038\" srcset=\"https:\/\/arbetarkultur.se\/wp-content\/uploads\/2023\/01\/arb-littdag-2023-affisch-1086x1536-1-724x1024.jpg 724w, https:\/\/arbetarkultur.se\/wp-content\/uploads\/2023\/01\/arb-littdag-2023-affisch-1086x1536-1-212x300.jpg 212w, https:\/\/arbetarkultur.se\/wp-content\/uploads\/2023\/01\/arb-littdag-2023-affisch-1086x1536-1-768x1086.jpg 768w, https:\/\/arbetarkultur.se\/wp-content\/uploads\/2023\/01\/arb-littdag-2023-affisch-1086x1536-1.jpg 1086w\" sizes=\"auto, (max-width: 724px) 100vw, 724px\" \/><\/figure>\n\n\n\n<p><strong>Arrang\u00f6rer: Arbetarnas Kulturhistoriska S\u00e4llskap, Arbetarr\u00f6relsens arkiv och bibliotek och ABF Stockholm<\/strong><\/p>\n","protected":false},"excerpt":{"rendered":"<p>Tid: L\u00f6rdag 28 januari 2023, kl 10:00-16:00Plats: Arbetarr\u00f6relsens arkiv och bibliotek, Elektronv\u00e4gen 2, Huddinge Arbetarnas Kulturhistoriska S\u00e4llskap och Arbetarr\u00f6relsens arkiv och bibliotek \u00f6ppnar \u00e5ter&#8230;<\/p>\n","protected":false},"author":1,"featured_media":0,"comment_status":"open","ping_status":"open","sticky":false,"template":"","format":"standard","meta":{"footnotes":""},"categories":[1,9],"tags":[],"class_list":["post-1037","post","type-post","status-publish","format-standard","hentry","category-nyheter","category-seminarier-och-moten"],"_links":{"self":[{"href":"https:\/\/arbetarkultur.se\/index.php?rest_route=\/wp\/v2\/posts\/1037","targetHints":{"allow":["GET"]}}],"collection":[{"href":"https:\/\/arbetarkultur.se\/index.php?rest_route=\/wp\/v2\/posts"}],"about":[{"href":"https:\/\/arbetarkultur.se\/index.php?rest_route=\/wp\/v2\/types\/post"}],"author":[{"embeddable":true,"href":"https:\/\/arbetarkultur.se\/index.php?rest_route=\/wp\/v2\/users\/1"}],"replies":[{"embeddable":true,"href":"https:\/\/arbetarkultur.se\/index.php?rest_route=%2Fwp%2Fv2%2Fcomments&post=1037"}],"version-history":[{"count":9,"href":"https:\/\/arbetarkultur.se\/index.php?rest_route=\/wp\/v2\/posts\/1037\/revisions"}],"predecessor-version":[{"id":1078,"href":"https:\/\/arbetarkultur.se\/index.php?rest_route=\/wp\/v2\/posts\/1037\/revisions\/1078"}],"wp:attachment":[{"href":"https:\/\/arbetarkultur.se\/index.php?rest_route=%2Fwp%2Fv2%2Fmedia&parent=1037"}],"wp:term":[{"taxonomy":"category","embeddable":true,"href":"https:\/\/arbetarkultur.se\/index.php?rest_route=%2Fwp%2Fv2%2Fcategories&post=1037"},{"taxonomy":"post_tag","embeddable":true,"href":"https:\/\/arbetarkultur.se\/index.php?rest_route=%2Fwp%2Fv2%2Ftags&post=1037"}],"curies":[{"name":"wp","href":"https:\/\/api.w.org\/{rel}","templated":true}]}}