{"id":1189,"date":"2023-03-21T06:07:37","date_gmt":"2023-03-21T06:07:37","guid":{"rendered":"https:\/\/arbetarkultur.se\/?p=1189"},"modified":"2023-03-21T06:07:37","modified_gmt":"2023-03-21T06:07:37","slug":"socialistisk-kultur-och-livsaskadning","status":"publish","type":"post","link":"https:\/\/arbetarkultur.se\/?p=1189","title":{"rendered":"<strong>Socialistisk kultur och livs\u00e5sk\u00e5dning<\/strong>"},"content":{"rendered":"\n<p>Kursen &#8221;Socialistisk kultur och livs\u00e5sk\u00e5dning&#8221; (7,5 hp) \u00e4r en distanskurs som g\u00e5r p\u00e5 halvfart under andra halvan av h\u00f6stterminen 2023. Inga f\u00f6rkunskaper kr\u00e4vs (f\u00f6rutom gymnasiestudier). Sista anm\u00e4lningsdag m\u00e5ndag 17 april 2023.<\/p>\n\n\n\n<p>Kursen ger en \u00f6verblick \u00f6ver de dominerande kulturtraditionerna inom den moderna socialismen. F\u00f6r att f\u00e5 syn p\u00e5 de underliggande id\u00e9erna och idealen i dessa kulturtraditioner, i synnerhet de som r\u00f6r livs\u00e5sk\u00e5dningsfr\u00e5gor, tr\u00e4nas studenterna i att unders\u00f6ka olika socialistiska kulturyttringar (ber\u00e4ttelser, kl\u00e4der, ritualer, rekreation, musik, etcetera). Med hj\u00e4lp av grundl\u00e4ggande kultur- och religionshistoriska begrepp (myt, ritual och symbol) \u2013 formade f\u00f6r att belysa m\u00e4nniskors fantasier och identiteter, deras dr\u00f6mmar och r\u00e4dslor \u2013 analyseras exempel fr\u00e5n s\u00e5v\u00e4l normativa texter och propaganda som fr\u00e5n vardagsliv.<\/p>\n\n\n\n<p><a href=\"https:\/\/lnu.se\/kurs\/socialistisk-kultur-och-livsaskadning-en-historisk-introduktion\/vaxjo-distans-deltid-ht\/\">L\u00e4s mer p\u00e5 Linn\u00e9universitetets hemsida.<\/a><\/p>\n\n\n\n<p><strong>Arrang\u00f6r: Institutionen f\u00f6r kulturvetenskaper, Linn\u00e9universitetet<\/strong><\/p>\n\n\n\n<figure class=\"wp-block-image size-large\"><img loading=\"lazy\" decoding=\"async\" width=\"757\" height=\"1024\" src=\"https:\/\/arbetarkultur.se\/wp-content\/uploads\/2023\/03\/Kurs-757x1024.png\" alt=\"\" class=\"wp-image-1190\" srcset=\"https:\/\/arbetarkultur.se\/wp-content\/uploads\/2023\/03\/Kurs-757x1024.png 757w, https:\/\/arbetarkultur.se\/wp-content\/uploads\/2023\/03\/Kurs-222x300.png 222w, https:\/\/arbetarkultur.se\/wp-content\/uploads\/2023\/03\/Kurs-768x1039.png 768w, https:\/\/arbetarkultur.se\/wp-content\/uploads\/2023\/03\/Kurs.png 912w\" sizes=\"auto, (max-width: 757px) 100vw, 757px\" \/><\/figure>\n","protected":false},"excerpt":{"rendered":"<p>Kursen &#8221;Socialistisk kultur och livs\u00e5sk\u00e5dning&#8221; (7,5 hp) \u00e4r en distanskurs som g\u00e5r p\u00e5 halvfart under andra halvan av h\u00f6stterminen 2023. Inga f\u00f6rkunskaper kr\u00e4vs (f\u00f6rutom&#8230;<\/p>\n","protected":false},"author":1,"featured_media":0,"comment_status":"open","ping_status":"open","sticky":false,"template":"","format":"standard","meta":{"footnotes":""},"categories":[1],"tags":[],"class_list":["post-1189","post","type-post","status-publish","format-standard","hentry","category-nyheter"],"_links":{"self":[{"href":"https:\/\/arbetarkultur.se\/index.php?rest_route=\/wp\/v2\/posts\/1189","targetHints":{"allow":["GET"]}}],"collection":[{"href":"https:\/\/arbetarkultur.se\/index.php?rest_route=\/wp\/v2\/posts"}],"about":[{"href":"https:\/\/arbetarkultur.se\/index.php?rest_route=\/wp\/v2\/types\/post"}],"author":[{"embeddable":true,"href":"https:\/\/arbetarkultur.se\/index.php?rest_route=\/wp\/v2\/users\/1"}],"replies":[{"embeddable":true,"href":"https:\/\/arbetarkultur.se\/index.php?rest_route=%2Fwp%2Fv2%2Fcomments&post=1189"}],"version-history":[{"count":1,"href":"https:\/\/arbetarkultur.se\/index.php?rest_route=\/wp\/v2\/posts\/1189\/revisions"}],"predecessor-version":[{"id":1191,"href":"https:\/\/arbetarkultur.se\/index.php?rest_route=\/wp\/v2\/posts\/1189\/revisions\/1191"}],"wp:attachment":[{"href":"https:\/\/arbetarkultur.se\/index.php?rest_route=%2Fwp%2Fv2%2Fmedia&parent=1189"}],"wp:term":[{"taxonomy":"category","embeddable":true,"href":"https:\/\/arbetarkultur.se\/index.php?rest_route=%2Fwp%2Fv2%2Fcategories&post=1189"},{"taxonomy":"post_tag","embeddable":true,"href":"https:\/\/arbetarkultur.se\/index.php?rest_route=%2Fwp%2Fv2%2Ftags&post=1189"}],"curies":[{"name":"wp","href":"https:\/\/api.w.org\/{rel}","templated":true}]}}