{"id":1209,"date":"2023-05-03T19:59:30","date_gmt":"2023-05-03T19:59:30","guid":{"rendered":"https:\/\/arbetarkultur.se\/?p=1209"},"modified":"2023-05-03T19:59:30","modified_gmt":"2023-05-03T19:59:30","slug":"fackliga-och-politiska-flyktingar-1918-1945-2","status":"publish","type":"post","link":"https:\/\/arbetarkultur.se\/?p=1209","title":{"rendered":"Fackliga och politiska flyktingar 1918\u20131945"},"content":{"rendered":"\n<figure class=\"wp-block-embed is-type-video is-provider-youtube wp-block-embed-youtube wp-embed-aspect-16-9 wp-has-aspect-ratio\"><div class=\"wp-block-embed__wrapper\">\n<iframe loading=\"lazy\" title=\"Fackliga och politiska flyktingar 1918\u20131945. En filmad stadsvandring.\" width=\"640\" height=\"360\" src=\"https:\/\/www.youtube.com\/embed\/NQbd8nyj8xU?feature=oembed\" frameborder=\"0\" allow=\"accelerometer; autoplay; clipboard-write; encrypted-media; gyroscope; picture-in-picture; web-share\" referrerpolicy=\"strict-origin-when-cross-origin\" allowfullscreen><\/iframe>\n<\/div><\/figure>\n\n\n\n<p><strong>Fackliga och politiska flyktingar 1918\u20131945: en filmad stadsvandring<\/strong><\/p>\n\n\n\n<p>Mellan \u00e5ren 1918\u20131945 s\u00f6kte sig 200 000 flyktingar till Sverige. De flesta var fackligt och politiskt aktiva i motst\u00e5ndskampen mot fascismen och nazismen i sina respektive heml\u00e4nder.<\/p>\n\n\n\n<p>Fackf\u00f6rbunden inom LO hj\u00e4lpte sina kamrater fr\u00e5n olika l\u00e4nder. Arbetarr\u00f6relsens flyktinghj\u00e4lp och R\u00f6da hj\u00e4lpen organiserade hj\u00e4lpinsatserna.<\/p>\n\n\n\n<p>Det h\u00e4r solidaritetsarbetet h\u00f6r vi s\u00e4llan talas om men det var m\u00e5nga medlemmar i arbetarr\u00f6relsen som var engagerade.<\/p>\n\n\n\n<p>Arbetarnas kulturhistoriska s\u00e4llskap har tillsammans med Arbetarr\u00f6relsens arkiv och bibliotek, ABF Stockholm, LO-distriktet i Stockholms l\u00e4n och Kulturarbetarnas socialdemokratiska f\u00f6rening producerat en digital stadsvandring i flyktingshj\u00e4lpens sp\u00e5r. F\u00f6lj med Stefan B\u00f6hm, Thomas F\u00fcrth, Harald Gatu, Martin Klepke, Per-Olof Mattsson, Aapo Roselius och Ole Martin R\u00f8nning till n\u00e5gra av de platser i Stockholm som ber\u00e4ttar det tidiga 1900-talets flyktinghistoria.<\/p>\n","protected":false},"excerpt":{"rendered":"<p>Fackliga och politiska flyktingar 1918\u20131945: en filmad stadsvandring Mellan \u00e5ren 1918\u20131945 s\u00f6kte sig 200 000 flyktingar till Sverige. De flesta var fackligt och politiskt&#8230;<\/p>\n","protected":false},"author":1,"featured_media":0,"comment_status":"open","ping_status":"open","sticky":false,"template":"","format":"standard","meta":{"footnotes":""},"categories":[1,4],"tags":[],"class_list":["post-1209","post","type-post","status-publish","format-standard","hentry","category-nyheter","category-vandringar"],"_links":{"self":[{"href":"https:\/\/arbetarkultur.se\/index.php?rest_route=\/wp\/v2\/posts\/1209","targetHints":{"allow":["GET"]}}],"collection":[{"href":"https:\/\/arbetarkultur.se\/index.php?rest_route=\/wp\/v2\/posts"}],"about":[{"href":"https:\/\/arbetarkultur.se\/index.php?rest_route=\/wp\/v2\/types\/post"}],"author":[{"embeddable":true,"href":"https:\/\/arbetarkultur.se\/index.php?rest_route=\/wp\/v2\/users\/1"}],"replies":[{"embeddable":true,"href":"https:\/\/arbetarkultur.se\/index.php?rest_route=%2Fwp%2Fv2%2Fcomments&post=1209"}],"version-history":[{"count":1,"href":"https:\/\/arbetarkultur.se\/index.php?rest_route=\/wp\/v2\/posts\/1209\/revisions"}],"predecessor-version":[{"id":1210,"href":"https:\/\/arbetarkultur.se\/index.php?rest_route=\/wp\/v2\/posts\/1209\/revisions\/1210"}],"wp:attachment":[{"href":"https:\/\/arbetarkultur.se\/index.php?rest_route=%2Fwp%2Fv2%2Fmedia&parent=1209"}],"wp:term":[{"taxonomy":"category","embeddable":true,"href":"https:\/\/arbetarkultur.se\/index.php?rest_route=%2Fwp%2Fv2%2Fcategories&post=1209"},{"taxonomy":"post_tag","embeddable":true,"href":"https:\/\/arbetarkultur.se\/index.php?rest_route=%2Fwp%2Fv2%2Ftags&post=1209"}],"curies":[{"name":"wp","href":"https:\/\/api.w.org\/{rel}","templated":true}]}}