{"id":1211,"date":"2023-05-04T07:31:18","date_gmt":"2023-05-04T07:31:18","guid":{"rendered":"https:\/\/arbetarkultur.se\/?p=1211"},"modified":"2023-05-04T07:32:08","modified_gmt":"2023-05-04T07:32:08","slug":"rod-tro","status":"publish","type":"post","link":"https:\/\/arbetarkultur.se\/?p=1211","title":{"rendered":"R\u00f6d tro"},"content":{"rendered":"\n<p><a href=\"https:\/\/arkiv.nu\/butik\/rod-tro\/\">Stefan Arvidsson<br><strong>R\u00f6d tro. Socialistisk kultur och livs\u00e5sk\u00e5dning under tv\u00e5hundra \u00e5r<\/strong><br>Arkiv f\u00f6rlag<br>2023<\/a><\/p>\n\n\n\n<p><img loading=\"lazy\" decoding=\"async\" width=\"150\" height=\"220\" class=\"wp-image-1212\" style=\"width: 150px;\" src=\"https:\/\/arbetarkultur.se\/wp-content\/uploads\/2023\/05\/b168.jpg\" alt=\"\"><\/p>\n\n\n\n<p>Socialismen \u00e4r en politisk r\u00f6relse av v\u00e4rldshistorisk betydelse. Med argument f\u00f6r b\u00e4ttre arbetsvillkor, j\u00e4mlikhet och r\u00e4ttvisa har den tilltalat folk v\u00e4rlden \u00f6ver i tv\u00e5hundra \u00e5r. Men socialismen har ocks\u00e5 burit med sig nya id\u00e9er om konst, kultur och livsf\u00f6ring, drivkrafterna bakom moderna fenomen s\u00e5som avantgardistisk konst, folkbildning, fri k\u00e4rlek, kvinnoemancipation, nudism, reformpedagogik och vetenskapstro. Genom socialismens, socialdemokratins, kommunismens och anarkismens spridning har dessa innovationer revolutionerat livet p\u00e5 hela v\u00e5r jord.<\/p>\n\n\n\n<p>Hittills har det saknats ett verk som ber\u00e4ttar om de estetiska, etiska och existentiella fr\u00e5gor som har satt socialisternas hj\u00e4rtan i brand. Om det som har gjort den politiska ideologin till djup \u00f6vertygelse, till en tro f\u00f6r vilken tusentals m\u00e4nniskor till och med har offrat sina liv. Men vad f\u00f6r slags tro r\u00f6r det sig om?<\/p>\n\n\n\n<p>I&nbsp;<em>R\u00f6d tro. Socialistisk kultur och livs\u00e5sk\u00e5dning under tv\u00e5hundra \u00e5r<\/em>&nbsp;kartl\u00e4gger religionshistorikern Stefan Arvidsson hur b\u00e5de socialister sj\u00e4lva och r\u00f6relsens belackare och fiender liksom akademiska forskare har f\u00f6rst\u00e5tt relationen mellan de politiska \u00f6vertygelserna och olika existentiella \u00e5sk\u00e5dningar. Efter att ha stiftat bekantskap med sekularismens uppkomst och dem som har menat att politik och livs\u00e5sk\u00e5dning \u00e4r tv\u00e5 vitt skilda sf\u00e4rer, m\u00f6ter vi dem som ist\u00e4llet h\u00e4vdat att modern socialism i grund och botten \u00e4r politisk kristendom, att den \u00e4r n\u00e5got slags obskyr alternativreligion eller att den \u00e4r en helt ny form av religion. Vi m\u00f6ter ocks\u00e5 dem som tv\u00e4rtom f\u00f6rkunnat att socialismen m\u00e5ste g\u00e5 hand i hand med humanistiska och ateistiska \u00f6vertygelser, liksom dem som har h\u00e4vdat att den bygger p\u00e5 solid vetenskaplig grund. Sist i boken tar sig f\u00f6rfattaren an den pockande fr\u00e5gan: Vem har r\u00e4tt?<\/p>\n\n\n\n<p><strong><a href=\"https:\/\/arkiv.nu\/butik\/rod-tro\/\">Boken finns fri f\u00f6r nedladdning p\u00e5 f\u00f6rlagets hemsida.<\/a><\/strong><\/p>\n","protected":false},"excerpt":{"rendered":"<p>Stefan ArvidssonR\u00f6d tro. Socialistisk kultur och livs\u00e5sk\u00e5dning under tv\u00e5hundra \u00e5rArkiv f\u00f6rlag2023 Socialismen \u00e4r en politisk r\u00f6relse av v\u00e4rldshistorisk betydelse. Med argument f\u00f6r b\u00e4ttre arbetsvillkor,&#8230;<\/p>\n","protected":false},"author":1,"featured_media":0,"comment_status":"open","ping_status":"open","sticky":false,"template":"","format":"standard","meta":{"footnotes":""},"categories":[1],"tags":[],"class_list":["post-1211","post","type-post","status-publish","format-standard","hentry","category-nyheter"],"_links":{"self":[{"href":"https:\/\/arbetarkultur.se\/index.php?rest_route=\/wp\/v2\/posts\/1211","targetHints":{"allow":["GET"]}}],"collection":[{"href":"https:\/\/arbetarkultur.se\/index.php?rest_route=\/wp\/v2\/posts"}],"about":[{"href":"https:\/\/arbetarkultur.se\/index.php?rest_route=\/wp\/v2\/types\/post"}],"author":[{"embeddable":true,"href":"https:\/\/arbetarkultur.se\/index.php?rest_route=\/wp\/v2\/users\/1"}],"replies":[{"embeddable":true,"href":"https:\/\/arbetarkultur.se\/index.php?rest_route=%2Fwp%2Fv2%2Fcomments&post=1211"}],"version-history":[{"count":2,"href":"https:\/\/arbetarkultur.se\/index.php?rest_route=\/wp\/v2\/posts\/1211\/revisions"}],"predecessor-version":[{"id":1214,"href":"https:\/\/arbetarkultur.se\/index.php?rest_route=\/wp\/v2\/posts\/1211\/revisions\/1214"}],"wp:attachment":[{"href":"https:\/\/arbetarkultur.se\/index.php?rest_route=%2Fwp%2Fv2%2Fmedia&parent=1211"}],"wp:term":[{"taxonomy":"category","embeddable":true,"href":"https:\/\/arbetarkultur.se\/index.php?rest_route=%2Fwp%2Fv2%2Fcategories&post=1211"},{"taxonomy":"post_tag","embeddable":true,"href":"https:\/\/arbetarkultur.se\/index.php?rest_route=%2Fwp%2Fv2%2Ftags&post=1211"}],"curies":[{"name":"wp","href":"https:\/\/api.w.org\/{rel}","templated":true}]}}