{"id":1245,"date":"2023-05-21T18:16:51","date_gmt":"2023-05-21T18:16:51","guid":{"rendered":"https:\/\/arbetarkultur.se\/?p=1245"},"modified":"2024-08-17T13:42:27","modified_gmt":"2024-08-17T13:42:27","slug":"vandring-bland-apelsinflickor-anglamakerskor-och-andra-arbetarkvinnor-pa-sodermalm","status":"publish","type":"post","link":"https:\/\/arbetarkultur.se\/?p=1245","title":{"rendered":"Vandring bland apelsinflickor, \u00e4nglamakerskor och andra arbetarkvinnor p\u00e5 S\u00f6dermalm"},"content":{"rendered":"\n<p>Stadsvandring som utg\u00e5r fr\u00e5n romanen Apelsinflickan av Lena Kallenberg \u2013 om unga kvinnor p\u00e5 S\u00f6dermalm under 1880-talet d\u00e5 det var sv\u00e5rt f\u00f6r arbetarkvinnor att klara sig p\u00e5 l\u00e5ga industril\u00f6ner om man \u00f6verhuvud taget fick ett arbete. M\u00e5nga tvingades att prostituera sig, ett system som var godk\u00e4nt av myndigheterna i mer \u00e4n 50 \u00e5r.<\/p>\n\n\n\n<p><strong>Tid:<\/strong> L\u00f6rdagen 17 augusti 2024 klockan 13:00<br><strong>Plats:<\/strong> Samling vid Groens Malmg\u00e5rd, Vitabergsparken, Stockholm<br>Vandringen leds av Lena Kallenberg och Kjersti Bosdotter<\/p>\n\n\n\n<p>Vandringen \u00e4r avgiftsfri.<\/p>\n\n\n\n<p><strong>Arrang\u00f6rer: Arbetarnas Kulturhistoriska S\u00e4llskap, Arbetarr\u00f6relsens arkiv och bibliotek, och ABF Stockholm<\/strong><\/p>\n\n\n\n<figure class=\"wp-block-image size-large\"><img loading=\"lazy\" decoding=\"async\" width=\"645\" height=\"1024\" src=\"https:\/\/arbetarkultur.se\/wp-content\/uploads\/2024\/06\/Apelsinflickan-Lena-Kallenberg-645x1024.jpg\" alt=\"\" class=\"wp-image-1488\" srcset=\"https:\/\/arbetarkultur.se\/wp-content\/uploads\/2024\/06\/Apelsinflickan-Lena-Kallenberg-645x1024.jpg 645w, https:\/\/arbetarkultur.se\/wp-content\/uploads\/2024\/06\/Apelsinflickan-Lena-Kallenberg-189x300.jpg 189w, https:\/\/arbetarkultur.se\/wp-content\/uploads\/2024\/06\/Apelsinflickan-Lena-Kallenberg-768x1220.jpg 768w, https:\/\/arbetarkultur.se\/wp-content\/uploads\/2024\/06\/Apelsinflickan-Lena-Kallenberg-967x1536.jpg 967w, https:\/\/arbetarkultur.se\/wp-content\/uploads\/2024\/06\/Apelsinflickan-Lena-Kallenberg-1290x2048.jpg 1290w, https:\/\/arbetarkultur.se\/wp-content\/uploads\/2024\/06\/Apelsinflickan-Lena-Kallenberg-scaled.jpg 1612w\" sizes=\"auto, (max-width: 645px) 100vw, 645px\" \/><\/figure>\n","protected":false},"excerpt":{"rendered":"<p>Stadsvandring som utg\u00e5r fr\u00e5n romanen Apelsinflickan av Lena Kallenberg \u2013 om unga kvinnor p\u00e5 S\u00f6dermalm under 1880-talet d\u00e5 det var sv\u00e5rt f\u00f6r arbetarkvinnor att&#8230;<\/p>\n","protected":false},"author":1,"featured_media":0,"comment_status":"open","ping_status":"open","sticky":false,"template":"","format":"standard","meta":{"footnotes":""},"categories":[1,4],"tags":[],"class_list":["post-1245","post","type-post","status-publish","format-standard","hentry","category-nyheter","category-vandringar"],"_links":{"self":[{"href":"https:\/\/arbetarkultur.se\/index.php?rest_route=\/wp\/v2\/posts\/1245","targetHints":{"allow":["GET"]}}],"collection":[{"href":"https:\/\/arbetarkultur.se\/index.php?rest_route=\/wp\/v2\/posts"}],"about":[{"href":"https:\/\/arbetarkultur.se\/index.php?rest_route=\/wp\/v2\/types\/post"}],"author":[{"embeddable":true,"href":"https:\/\/arbetarkultur.se\/index.php?rest_route=\/wp\/v2\/users\/1"}],"replies":[{"embeddable":true,"href":"https:\/\/arbetarkultur.se\/index.php?rest_route=%2Fwp%2Fv2%2Fcomments&post=1245"}],"version-history":[{"count":5,"href":"https:\/\/arbetarkultur.se\/index.php?rest_route=\/wp\/v2\/posts\/1245\/revisions"}],"predecessor-version":[{"id":1489,"href":"https:\/\/arbetarkultur.se\/index.php?rest_route=\/wp\/v2\/posts\/1245\/revisions\/1489"}],"wp:attachment":[{"href":"https:\/\/arbetarkultur.se\/index.php?rest_route=%2Fwp%2Fv2%2Fmedia&parent=1245"}],"wp:term":[{"taxonomy":"category","embeddable":true,"href":"https:\/\/arbetarkultur.se\/index.php?rest_route=%2Fwp%2Fv2%2Fcategories&post=1245"},{"taxonomy":"post_tag","embeddable":true,"href":"https:\/\/arbetarkultur.se\/index.php?rest_route=%2Fwp%2Fv2%2Ftags&post=1245"}],"curies":[{"name":"wp","href":"https:\/\/api.w.org\/{rel}","templated":true}]}}