{"id":1257,"date":"2023-05-23T19:00:03","date_gmt":"2023-05-23T19:00:03","guid":{"rendered":"https:\/\/arbetarkultur.se\/?p=1257"},"modified":"2023-05-23T19:00:03","modified_gmt":"2023-05-23T19:00:03","slug":"slopa-ofverklassen-sa-fa-i-se-sen-vandring-i-strindbergs-spar","status":"publish","type":"post","link":"https:\/\/arbetarkultur.se\/?p=1257","title":{"rendered":"\u201dSlopa \u00d6fverklassen! S\u00e5 f\u00e5 i se sen!\u201d Vandring i Strindbergs sp\u00e5r"},"content":{"rendered":"\n<p>August Strindberg levde i en tid d\u00e5 mots\u00e4ttningarna blev synliga i det svenska industrisamh\u00e4llet. Arbetarna organiserade sig och f\u00f6rfattarens v\u00e4n Hjalmar Branting blev samtalspartner. F\u00f6rfattarens kontakter med arbetarr\u00f6relsens f\u00f6rgrundsfigurer och dess aktuella fr\u00e5gor m\u00f6ter i denna vandring.<\/p>\n\n\n\n<p><strong>Tid:<\/strong> L\u00f6rdagen 29 juli 2023 klockan 14:00<br><strong>Plats:<\/strong> Samling framf\u00f6r Adolf Fredriks kyrka i Stockholm<\/p>\n","protected":false},"excerpt":{"rendered":"<p>August Strindberg levde i en tid d\u00e5 mots\u00e4ttningarna blev synliga i det svenska industrisamh\u00e4llet. Arbetarna organiserade sig och f\u00f6rfattarens v\u00e4n Hjalmar Branting blev samtalspartner&#8230;.<\/p>\n","protected":false},"author":1,"featured_media":0,"comment_status":"open","ping_status":"open","sticky":false,"template":"","format":"standard","meta":{"footnotes":""},"categories":[1,4],"tags":[],"class_list":["post-1257","post","type-post","status-publish","format-standard","hentry","category-nyheter","category-vandringar"],"_links":{"self":[{"href":"https:\/\/arbetarkultur.se\/index.php?rest_route=\/wp\/v2\/posts\/1257","targetHints":{"allow":["GET"]}}],"collection":[{"href":"https:\/\/arbetarkultur.se\/index.php?rest_route=\/wp\/v2\/posts"}],"about":[{"href":"https:\/\/arbetarkultur.se\/index.php?rest_route=\/wp\/v2\/types\/post"}],"author":[{"embeddable":true,"href":"https:\/\/arbetarkultur.se\/index.php?rest_route=\/wp\/v2\/users\/1"}],"replies":[{"embeddable":true,"href":"https:\/\/arbetarkultur.se\/index.php?rest_route=%2Fwp%2Fv2%2Fcomments&post=1257"}],"version-history":[{"count":1,"href":"https:\/\/arbetarkultur.se\/index.php?rest_route=\/wp\/v2\/posts\/1257\/revisions"}],"predecessor-version":[{"id":1258,"href":"https:\/\/arbetarkultur.se\/index.php?rest_route=\/wp\/v2\/posts\/1257\/revisions\/1258"}],"wp:attachment":[{"href":"https:\/\/arbetarkultur.se\/index.php?rest_route=%2Fwp%2Fv2%2Fmedia&parent=1257"}],"wp:term":[{"taxonomy":"category","embeddable":true,"href":"https:\/\/arbetarkultur.se\/index.php?rest_route=%2Fwp%2Fv2%2Fcategories&post=1257"},{"taxonomy":"post_tag","embeddable":true,"href":"https:\/\/arbetarkultur.se\/index.php?rest_route=%2Fwp%2Fv2%2Ftags&post=1257"}],"curies":[{"name":"wp","href":"https:\/\/api.w.org\/{rel}","templated":true}]}}