{"id":1279,"date":"2023-06-09T16:21:50","date_gmt":"2023-06-09T16:21:50","guid":{"rendered":"https:\/\/arbetarkultur.se\/?p=1279"},"modified":"2023-06-09T16:23:23","modified_gmt":"2023-06-09T16:23:23","slug":"klasskamp-pa-svenska","status":"publish","type":"post","link":"https:\/\/arbetarkultur.se\/?p=1279","title":{"rendered":"Klasskamp p\u00e5 svenska"},"content":{"rendered":"\n<p>Vilka var de finlandssvenskar som verkade i arbetarr\u00f6relsen? Kring vilka fr\u00e5gor bedrev finlandssvenska socialister det som kan kallas f\u00f6r klasskamp p\u00e5 svenska? Hur har klasskampen bedrivits och skildrats p\u00e5 svenska i Finland? I antologin <em><a href=\"https:\/\/helda.helsinki.fi\/handle\/10138\/339574\">Klasskamp p\u00e5 svenska: akt\u00f6rer, id\u00e9er och erfarenheter i 1900-talets finlandssvenska arbetarr\u00f6relse<\/a><\/em> analyserar f\u00f6rfattarna sex olika finlandssvenska socialistiska livs\u00f6den. Boken presenterades av redakt\u00f6ren Matias Kaihovirta, p\u00e5 ett webinarium som h\u00f6lls 8:e november 2022.<\/p>\n\n\n\n<figure class=\"wp-block-embed is-type-video is-provider-youtube wp-block-embed-youtube wp-embed-aspect-16-9 wp-has-aspect-ratio\"><div class=\"wp-block-embed__wrapper\">\n<iframe loading=\"lazy\" title=\"Klasskamp p\u00e5 svenska.\" width=\"640\" height=\"360\" src=\"https:\/\/www.youtube.com\/embed\/ce8Pk3ltAvM?feature=oembed\" frameborder=\"0\" allow=\"accelerometer; autoplay; clipboard-write; encrypted-media; gyroscope; picture-in-picture; web-share\" referrerpolicy=\"strict-origin-when-cross-origin\" allowfullscreen><\/iframe>\n<\/div><\/figure>\n","protected":false},"excerpt":{"rendered":"<p>Vilka var de finlandssvenskar som verkade i arbetarr\u00f6relsen? Kring vilka fr\u00e5gor bedrev finlandssvenska socialister det som kan kallas f\u00f6r klasskamp p\u00e5 svenska? Hur har&#8230;<\/p>\n","protected":false},"author":1,"featured_media":0,"comment_status":"open","ping_status":"open","sticky":false,"template":"","format":"standard","meta":{"footnotes":""},"categories":[1,9],"tags":[],"class_list":["post-1279","post","type-post","status-publish","format-standard","hentry","category-nyheter","category-seminarier-och-moten"],"_links":{"self":[{"href":"https:\/\/arbetarkultur.se\/index.php?rest_route=\/wp\/v2\/posts\/1279","targetHints":{"allow":["GET"]}}],"collection":[{"href":"https:\/\/arbetarkultur.se\/index.php?rest_route=\/wp\/v2\/posts"}],"about":[{"href":"https:\/\/arbetarkultur.se\/index.php?rest_route=\/wp\/v2\/types\/post"}],"author":[{"embeddable":true,"href":"https:\/\/arbetarkultur.se\/index.php?rest_route=\/wp\/v2\/users\/1"}],"replies":[{"embeddable":true,"href":"https:\/\/arbetarkultur.se\/index.php?rest_route=%2Fwp%2Fv2%2Fcomments&post=1279"}],"version-history":[{"count":3,"href":"https:\/\/arbetarkultur.se\/index.php?rest_route=\/wp\/v2\/posts\/1279\/revisions"}],"predecessor-version":[{"id":1282,"href":"https:\/\/arbetarkultur.se\/index.php?rest_route=\/wp\/v2\/posts\/1279\/revisions\/1282"}],"wp:attachment":[{"href":"https:\/\/arbetarkultur.se\/index.php?rest_route=%2Fwp%2Fv2%2Fmedia&parent=1279"}],"wp:term":[{"taxonomy":"category","embeddable":true,"href":"https:\/\/arbetarkultur.se\/index.php?rest_route=%2Fwp%2Fv2%2Fcategories&post=1279"},{"taxonomy":"post_tag","embeddable":true,"href":"https:\/\/arbetarkultur.se\/index.php?rest_route=%2Fwp%2Fv2%2Ftags&post=1279"}],"curies":[{"name":"wp","href":"https:\/\/api.w.org\/{rel}","templated":true}]}}