{"id":1290,"date":"2023-06-22T12:40:30","date_gmt":"2023-06-22T12:40:30","guid":{"rendered":"https:\/\/arbetarkultur.se\/?p=1290"},"modified":"2023-06-22T12:40:30","modified_gmt":"2023-06-22T12:40:30","slug":"gustav-moller-en-legendarisk-socialpolitiker","status":"publish","type":"post","link":"https:\/\/arbetarkultur.se\/?p=1290","title":{"rendered":"Gustav M\u00f6ller \u2013 en legendarisk socialpolitiker"},"content":{"rendered":"\n<p>Presentation av boken <em><a href=\"https:\/\/arkiv.nu\/butik\/gustav-moller\/\" data-type=\"URL\" data-id=\"https:\/\/arkiv.nu\/butik\/gustav-moller\/\">Gustav M\u00f6ller: en legendarisk socialpolitiker<\/a><\/em> av Per Gunnar Edebalk. Gustav M\u00f6ller var folkhemmets \u201darkitekt\u201d eller \u201dSocialsveriges skapare\u201d. Han var en kraftfull socialminister med en tydlig ideologi: Socialpolitiken skall bygga p\u00e5 sociala r\u00e4ttigheter, den skall ge en grundtrygghet och hela befolkningen skall omfattas. I m\u00e5ngt och mycket hade hans id\u00e9er genomf\u00f6rts d\u00e5 han avgick som socialminister 1951. \u00c4ven internationellt har M\u00f6llers insatser uppm\u00e4rksammats. Lars Ekdahl samtalar med bokens f\u00f6rfattare.<\/p>\n\n\n\n<figure class=\"wp-block-embed is-type-video is-provider-youtube wp-block-embed-youtube wp-embed-aspect-16-9 wp-has-aspect-ratio\"><div class=\"wp-block-embed__wrapper\">\n<iframe loading=\"lazy\" title=\"Gustav Mo\u0308ller \u2013 en legendarisk socialpolitiker\" width=\"640\" height=\"360\" src=\"https:\/\/www.youtube.com\/embed\/kbZB9_U1qZg?feature=oembed\" frameborder=\"0\" allow=\"accelerometer; autoplay; clipboard-write; encrypted-media; gyroscope; picture-in-picture; web-share\" referrerpolicy=\"strict-origin-when-cross-origin\" allowfullscreen><\/iframe>\n<\/div><\/figure>\n","protected":false},"excerpt":{"rendered":"<p>Presentation av boken Gustav M\u00f6ller: en legendarisk socialpolitiker av Per Gunnar Edebalk. Gustav M\u00f6ller var folkhemmets \u201darkitekt\u201d eller \u201dSocialsveriges skapare\u201d. Han var en kraftfull&#8230;<\/p>\n","protected":false},"author":1,"featured_media":0,"comment_status":"open","ping_status":"open","sticky":false,"template":"","format":"standard","meta":{"footnotes":""},"categories":[1,9],"tags":[],"class_list":["post-1290","post","type-post","status-publish","format-standard","hentry","category-nyheter","category-seminarier-och-moten"],"_links":{"self":[{"href":"https:\/\/arbetarkultur.se\/index.php?rest_route=\/wp\/v2\/posts\/1290","targetHints":{"allow":["GET"]}}],"collection":[{"href":"https:\/\/arbetarkultur.se\/index.php?rest_route=\/wp\/v2\/posts"}],"about":[{"href":"https:\/\/arbetarkultur.se\/index.php?rest_route=\/wp\/v2\/types\/post"}],"author":[{"embeddable":true,"href":"https:\/\/arbetarkultur.se\/index.php?rest_route=\/wp\/v2\/users\/1"}],"replies":[{"embeddable":true,"href":"https:\/\/arbetarkultur.se\/index.php?rest_route=%2Fwp%2Fv2%2Fcomments&post=1290"}],"version-history":[{"count":1,"href":"https:\/\/arbetarkultur.se\/index.php?rest_route=\/wp\/v2\/posts\/1290\/revisions"}],"predecessor-version":[{"id":1291,"href":"https:\/\/arbetarkultur.se\/index.php?rest_route=\/wp\/v2\/posts\/1290\/revisions\/1291"}],"wp:attachment":[{"href":"https:\/\/arbetarkultur.se\/index.php?rest_route=%2Fwp%2Fv2%2Fmedia&parent=1290"}],"wp:term":[{"taxonomy":"category","embeddable":true,"href":"https:\/\/arbetarkultur.se\/index.php?rest_route=%2Fwp%2Fv2%2Fcategories&post=1290"},{"taxonomy":"post_tag","embeddable":true,"href":"https:\/\/arbetarkultur.se\/index.php?rest_route=%2Fwp%2Fv2%2Ftags&post=1290"}],"curies":[{"name":"wp","href":"https:\/\/api.w.org\/{rel}","templated":true}]}}