{"id":1314,"date":"2023-09-01T06:48:01","date_gmt":"2023-09-01T06:48:01","guid":{"rendered":"https:\/\/arbetarkultur.se\/?p=1314"},"modified":"2023-09-19T10:44:55","modified_gmt":"2023-09-19T10:44:55","slug":"bli-medlem-i-aks","status":"publish","type":"post","link":"https:\/\/arbetarkultur.se\/?p=1314","title":{"rendered":"Bli medlem i AKS"},"content":{"rendered":"\n<p>Arbetarnas Kulturhistoriska S\u00e4llskap har sedan 1926 verkat f\u00f6r att uppm\u00e4rksamma arbetarklassens och arbetarr\u00f6relsens kultur och historia. Som enskild medlem ing\u00e5r f\u00f6rutom seminarier, vandringar, utst\u00e4llningar och utflykter en \u00e5rsbok som bara den \u00e4r v\u00e4rd med \u00e4n <strong>\u00e5rsavgiften p\u00e5 200 kronor<\/strong>. Om man blir medlem under perioden september-november 2023 f\u00e5r man dessutom Vilhelm Mobergs klassiska stridsskrift \u201dD\u00e4rf\u00f6r \u00e4r jag republikan\u201d fr\u00e5n 1955 som en bonusbok. Erbjudandet g\u00e4ller medlemskap f\u00f6r verksamhets\u00e5ret 2023. <\/p>\n\n\n\n<p>F\u00f6r att bli medlem skickar man en ans\u00f6kan med uppgifter om namn och adress till:<\/p>\n\n\n\n<p>Arbetarnas Kulturhistoriska S\u00e4llskap<br>c\/o Arbetarr\u00f6relsens arkiv och bibliotek<br>Elektronv\u00e4gen 2<br>141 49 Huddinge<\/p>\n\n\n\n<p>Eller till e-post:&nbsp;<a href=\"mailto:info@arbetarkultur.se\">info@arbetarkultur.se<\/a>.&nbsp; <\/p>\n\n\n\n<p>S\u00e4tt in medlemsavgiften p\u00e5 200 kronor p\u00e5 Plusgiro (PG): 1725-1 eller p\u00e5 Swish 123 230 88 98. Gl\u00f6m inte att ange ditt namn.<\/p>\n\n\n\n<p>V\u00e4lkommen som medlem i Arbetarnas Kulturhistoriska S\u00e4llskap!<\/p>\n\n\n\n<figure class=\"wp-block-image size-large\"><img loading=\"lazy\" decoding=\"async\" width=\"1024\" height=\"538\" src=\"https:\/\/arbetarkultur.se\/wp-content\/uploads\/2023\/08\/AKS-medlemskampanj-1024x538.jpg\" alt=\"\" class=\"wp-image-1315\" srcset=\"https:\/\/arbetarkultur.se\/wp-content\/uploads\/2023\/08\/AKS-medlemskampanj-1024x538.jpg 1024w, https:\/\/arbetarkultur.se\/wp-content\/uploads\/2023\/08\/AKS-medlemskampanj-300x158.jpg 300w, https:\/\/arbetarkultur.se\/wp-content\/uploads\/2023\/08\/AKS-medlemskampanj-768x403.jpg 768w, https:\/\/arbetarkultur.se\/wp-content\/uploads\/2023\/08\/AKS-medlemskampanj.jpg 1200w\" sizes=\"auto, (max-width: 1024px) 100vw, 1024px\" \/><\/figure>\n","protected":false},"excerpt":{"rendered":"<p>Arbetarnas Kulturhistoriska S\u00e4llskap har sedan 1926 verkat f\u00f6r att uppm\u00e4rksamma arbetarklassens och arbetarr\u00f6relsens kultur och historia. Som enskild medlem ing\u00e5r f\u00f6rutom seminarier, vandringar, utst\u00e4llningar&#8230;<\/p>\n","protected":false},"author":1,"featured_media":0,"comment_status":"open","ping_status":"open","sticky":false,"template":"","format":"standard","meta":{"footnotes":""},"categories":[10,1],"tags":[],"class_list":["post-1314","post","type-post","status-publish","format-standard","hentry","category-medlemsinformation","category-nyheter"],"_links":{"self":[{"href":"https:\/\/arbetarkultur.se\/index.php?rest_route=\/wp\/v2\/posts\/1314","targetHints":{"allow":["GET"]}}],"collection":[{"href":"https:\/\/arbetarkultur.se\/index.php?rest_route=\/wp\/v2\/posts"}],"about":[{"href":"https:\/\/arbetarkultur.se\/index.php?rest_route=\/wp\/v2\/types\/post"}],"author":[{"embeddable":true,"href":"https:\/\/arbetarkultur.se\/index.php?rest_route=\/wp\/v2\/users\/1"}],"replies":[{"embeddable":true,"href":"https:\/\/arbetarkultur.se\/index.php?rest_route=%2Fwp%2Fv2%2Fcomments&post=1314"}],"version-history":[{"count":6,"href":"https:\/\/arbetarkultur.se\/index.php?rest_route=\/wp\/v2\/posts\/1314\/revisions"}],"predecessor-version":[{"id":1342,"href":"https:\/\/arbetarkultur.se\/index.php?rest_route=\/wp\/v2\/posts\/1314\/revisions\/1342"}],"wp:attachment":[{"href":"https:\/\/arbetarkultur.se\/index.php?rest_route=%2Fwp%2Fv2%2Fmedia&parent=1314"}],"wp:term":[{"taxonomy":"category","embeddable":true,"href":"https:\/\/arbetarkultur.se\/index.php?rest_route=%2Fwp%2Fv2%2Fcategories&post=1314"},{"taxonomy":"post_tag","embeddable":true,"href":"https:\/\/arbetarkultur.se\/index.php?rest_route=%2Fwp%2Fv2%2Ftags&post=1314"}],"curies":[{"name":"wp","href":"https:\/\/api.w.org\/{rel}","templated":true}]}}