{"id":1377,"date":"2023-11-30T16:45:02","date_gmt":"2023-11-30T16:45:02","guid":{"rendered":"https:\/\/arbetarkultur.se\/?p=1377"},"modified":"2023-11-30T16:47:33","modified_gmt":"2023-11-30T16:47:33","slug":"arsboken-for-2024-ar-har","status":"publish","type":"post","link":"https:\/\/arbetarkultur.se\/?p=1377","title":{"rendered":"\u00c5rsboken f\u00f6r 2023 \u00e4r h\u00e4r"},"content":{"rendered":"\n<figure class=\"wp-block-image size-large\"><img loading=\"lazy\" decoding=\"async\" width=\"1015\" height=\"1024\" src=\"https:\/\/arbetarkultur.se\/wp-content\/uploads\/2023\/11\/IMG_2135-1015x1024.jpg\" alt=\"\" class=\"wp-image-1378\" srcset=\"https:\/\/arbetarkultur.se\/wp-content\/uploads\/2023\/11\/IMG_2135-1015x1024.jpg 1015w, https:\/\/arbetarkultur.se\/wp-content\/uploads\/2023\/11\/IMG_2135-297x300.jpg 297w, https:\/\/arbetarkultur.se\/wp-content\/uploads\/2023\/11\/IMG_2135-150x150.jpg 150w, https:\/\/arbetarkultur.se\/wp-content\/uploads\/2023\/11\/IMG_2135-768x775.jpg 768w, https:\/\/arbetarkultur.se\/wp-content\/uploads\/2023\/11\/IMG_2135-1522x1536.jpg 1522w, https:\/\/arbetarkultur.se\/wp-content\/uploads\/2023\/11\/IMG_2135-2030x2048.jpg 2030w\" sizes=\"auto, (max-width: 1015px) 100vw, 1015px\" \/><\/figure>\n\n\n\n<p><strong>Systrar, kamrater! Kvinnor i arbetarr\u00f6relsen 1880-2020<\/strong><br>\u00c5rsbok f\u00f6r Arbetarnas Kulturhistoriska S\u00e4llskap 2023<\/p>\n\n\n\n<p>Facklig och politisk organisering, strejker och demonstrationer, solidaritetsarbete och arbetarkultur &#8211; \u00f6verallt har kvinnor samlats, agiterat, handlat skrivit och skapat f\u00f6r att f\u00f6r\u00e4ndra v\u00e4rlden.<\/p>\n\n\n\n<p>Det \u00e4r detta som har avspeglats i almanackorna <em>Systrar, kamrater<\/em>. Nu har tio \u00e5rs almanacksblad stuvats om, ordnats kronologiskt och f\u00f6rsetts med introduktionstexter till varje tidsperiod fr\u00e5n 1880-talet fram till v\u00e5ra dagar. H\u00e4r m\u00f6ter vi politiska pionj\u00e4rer i Sverige, kvinnor fr\u00e5n hela v\u00e4rlden som, ibland p\u00e5 egen hand men ofta tillsammans med andra, gjort motst\u00e5nd mot krig och f\u00f6rtryck liksom kulturarbetare som berikat oss med sina bilder, b\u00f6cker och s\u00e5nger.<\/p>\n\n\n\n<p>Om du har m\u00f6jlighet f\u00e5r du som \u00e4r medlem g\u00e4rna komma och h\u00e4mta ditt exemplar s\u00e5 slipper vi l\u00e4gga on\u00f6digt mycket pengar p\u00e5 portokostnader:<\/p>\n\n\n\n<p><strong>Utl\u00e4mning av \u00e5rets medlemsbok<br>Tid:<\/strong> Torsdag 7 december 2023 klockan 15:00-17:00<br><strong>Plats:<\/strong> ABF-huset, Sveav\u00e4gen 41, Stockholm<\/p>\n","protected":false},"excerpt":{"rendered":"<p>Systrar, kamrater! Kvinnor i arbetarr\u00f6relsen 1880-2020\u00c5rsbok f\u00f6r Arbetarnas Kulturhistoriska S\u00e4llskap 2023 Facklig och politisk organisering, strejker och demonstrationer, solidaritetsarbete och arbetarkultur &#8211; \u00f6verallt har&#8230;<\/p>\n","protected":false},"author":1,"featured_media":0,"comment_status":"open","ping_status":"open","sticky":false,"template":"","format":"standard","meta":{"footnotes":""},"categories":[5,10,1],"tags":[],"class_list":["post-1377","post","type-post","status-publish","format-standard","hentry","category-bokutgivning","category-medlemsinformation","category-nyheter"],"_links":{"self":[{"href":"https:\/\/arbetarkultur.se\/index.php?rest_route=\/wp\/v2\/posts\/1377","targetHints":{"allow":["GET"]}}],"collection":[{"href":"https:\/\/arbetarkultur.se\/index.php?rest_route=\/wp\/v2\/posts"}],"about":[{"href":"https:\/\/arbetarkultur.se\/index.php?rest_route=\/wp\/v2\/types\/post"}],"author":[{"embeddable":true,"href":"https:\/\/arbetarkultur.se\/index.php?rest_route=\/wp\/v2\/users\/1"}],"replies":[{"embeddable":true,"href":"https:\/\/arbetarkultur.se\/index.php?rest_route=%2Fwp%2Fv2%2Fcomments&post=1377"}],"version-history":[{"count":2,"href":"https:\/\/arbetarkultur.se\/index.php?rest_route=\/wp\/v2\/posts\/1377\/revisions"}],"predecessor-version":[{"id":1381,"href":"https:\/\/arbetarkultur.se\/index.php?rest_route=\/wp\/v2\/posts\/1377\/revisions\/1381"}],"wp:attachment":[{"href":"https:\/\/arbetarkultur.se\/index.php?rest_route=%2Fwp%2Fv2%2Fmedia&parent=1377"}],"wp:term":[{"taxonomy":"category","embeddable":true,"href":"https:\/\/arbetarkultur.se\/index.php?rest_route=%2Fwp%2Fv2%2Fcategories&post=1377"},{"taxonomy":"post_tag","embeddable":true,"href":"https:\/\/arbetarkultur.se\/index.php?rest_route=%2Fwp%2Fv2%2Ftags&post=1377"}],"curies":[{"name":"wp","href":"https:\/\/api.w.org\/{rel}","templated":true}]}}