{"id":1386,"date":"2023-12-04T21:14:13","date_gmt":"2023-12-04T21:14:13","guid":{"rendered":"https:\/\/arbetarkultur.se\/?p=1386"},"modified":"2023-12-04T21:18:46","modified_gmt":"2023-12-04T21:18:46","slug":"vandra-till-katas-grav","status":"publish","type":"post","link":"https:\/\/arbetarkultur.se\/?p=1386","title":{"rendered":"Vandra till Katas grav"},"content":{"rendered":"\n<p><strong>Tid:<\/strong> M\u00e5ndag 11 december 2023 klockan 14:00<br><strong>Plats:<\/strong> Ing\u00e5ngen till Norra Begravningsplatsen i Solna vid Stora gravkorsets v\u00e4g<\/p>\n\n\n\n<p>Den 11 december f\u00f6r hundra \u00e5r sedan dog Kata Dalstr\u00f6m. D\u00e5 hade hon l\u00e4nge varit en av Sveriges flitigaste och mest uppskattade agitatorer, st\u00e4ndigt p\u00e5 resande fot f\u00f6rst f\u00f6r Socialdemokratiska Arbetarepartiet, fr\u00e5n 1917 f\u00f6r Socialdemokratiska v\u00e4nsterpartiet och 1921 f\u00f6r Sveriges Kommunistiska parti. Hon var ocks\u00e5 folkbildare, buddist och sjubarnsmor. In i det sista beh\u00f6ll hon sin \u00f6vertygelse om m\u00e4nniskans f\u00f6rm\u00e5ga att skapa en b\u00e4ttre v\u00e4rld.<\/p>\n\n\n\n<p>M\u00e5ndag den 11 december kl 14.00 samlas vi vid ing\u00e5ngen till Norra Begravningsplatsen i Solna vid Stora gravkorsets v\u00e4g. Vi vandrar tillsammans till Kata Dalstr\u00f6ms grav f\u00f6r blomstersmyckning. Historikern Gunnela Bj\u00f6rk som skrivit en biografi \u00f6ver Kata ber\u00e4ttar om hennes liv och verk.<\/p>\n\n\n\n<p>Varmt v\u00e4lkomna!<\/p>\n\n\n\n<p><strong>Arrang\u00f6rer: Arbetarnas Kulturhistoriska S\u00e4llskap, Arbetarr\u00f6relsens arkiv och bibliotek, ABF Stockholm<\/strong><\/p>\n","protected":false},"excerpt":{"rendered":"<p>Tid: M\u00e5ndag 11 december 2023 klockan 14:00Plats: Ing\u00e5ngen till Norra Begravningsplatsen i Solna vid Stora gravkorsets v\u00e4g Den 11 december f\u00f6r hundra \u00e5r sedan&#8230;<\/p>\n","protected":false},"author":1,"featured_media":0,"comment_status":"open","ping_status":"open","sticky":false,"template":"","format":"standard","meta":{"footnotes":""},"categories":[11,10,1,9,4],"tags":[],"class_list":["post-1386","post","type-post","status-publish","format-standard","hentry","category-gravvarden","category-medlemsinformation","category-nyheter","category-seminarier-och-moten","category-vandringar"],"_links":{"self":[{"href":"https:\/\/arbetarkultur.se\/index.php?rest_route=\/wp\/v2\/posts\/1386","targetHints":{"allow":["GET"]}}],"collection":[{"href":"https:\/\/arbetarkultur.se\/index.php?rest_route=\/wp\/v2\/posts"}],"about":[{"href":"https:\/\/arbetarkultur.se\/index.php?rest_route=\/wp\/v2\/types\/post"}],"author":[{"embeddable":true,"href":"https:\/\/arbetarkultur.se\/index.php?rest_route=\/wp\/v2\/users\/1"}],"replies":[{"embeddable":true,"href":"https:\/\/arbetarkultur.se\/index.php?rest_route=%2Fwp%2Fv2%2Fcomments&post=1386"}],"version-history":[{"count":4,"href":"https:\/\/arbetarkultur.se\/index.php?rest_route=\/wp\/v2\/posts\/1386\/revisions"}],"predecessor-version":[{"id":1392,"href":"https:\/\/arbetarkultur.se\/index.php?rest_route=\/wp\/v2\/posts\/1386\/revisions\/1392"}],"wp:attachment":[{"href":"https:\/\/arbetarkultur.se\/index.php?rest_route=%2Fwp%2Fv2%2Fmedia&parent=1386"}],"wp:term":[{"taxonomy":"category","embeddable":true,"href":"https:\/\/arbetarkultur.se\/index.php?rest_route=%2Fwp%2Fv2%2Fcategories&post=1386"},{"taxonomy":"post_tag","embeddable":true,"href":"https:\/\/arbetarkultur.se\/index.php?rest_route=%2Fwp%2Fv2%2Ftags&post=1386"}],"curies":[{"name":"wp","href":"https:\/\/api.w.org\/{rel}","templated":true}]}}