{"id":140,"date":"2014-08-26T18:06:15","date_gmt":"2014-08-26T18:06:15","guid":{"rendered":"http:\/\/arbetarkultur.se\/?p=140"},"modified":"2014-08-26T18:38:30","modified_gmt":"2014-08-26T18:38:30","slug":"kommande-aktiviteter","status":"publish","type":"post","link":"https:\/\/arbetarkultur.se\/?p=140","title":{"rendered":"Resa till det r\u00f6da Finland i augusti 2015"},"content":{"rendered":"<p>AKS planerar en resa till Finland 16 &#8211; 23 augusti 2015. Inriktningen \u00e4r att f\u00f6lja arbetarr\u00f6relsens historia i sp\u00e5ren av det finska inb\u00f6rdeskriget 1918. Vi planerar att bes\u00f6ka bland annat Tammerfors, Lahti, Riihim\u00e4ki och Helsingfors &#8211; alla orter som har spelat roll f\u00f6r arbetarna i v\u00e5rt \u00f6stra grannland.\u00a0 Anm\u00e4l ditt intresse senast den 1 november till <em>info@arbetarkultur <\/em>eller <em>070-571 98 95. <\/em>Antal platser som resan \u00e4r begr\u00e4nsat till 40. Ett mer detaljerat program kommer att publiceras inom kort.<\/p>\n","protected":false},"excerpt":{"rendered":"<p>AKS planerar en resa till Finland 16 &#8211; 23 augusti 2015. Inriktningen \u00e4r att f\u00f6lja arbetarr\u00f6relsens historia i sp\u00e5ren av det finska inb\u00f6rdeskriget 1918&#8230;.<\/p>\n","protected":false},"author":1,"featured_media":0,"comment_status":"open","ping_status":"open","sticky":false,"template":"","format":"standard","meta":{"footnotes":""},"categories":[1],"tags":[],"class_list":["post-140","post","type-post","status-publish","format-standard","hentry","category-nyheter"],"_links":{"self":[{"href":"https:\/\/arbetarkultur.se\/index.php?rest_route=\/wp\/v2\/posts\/140","targetHints":{"allow":["GET"]}}],"collection":[{"href":"https:\/\/arbetarkultur.se\/index.php?rest_route=\/wp\/v2\/posts"}],"about":[{"href":"https:\/\/arbetarkultur.se\/index.php?rest_route=\/wp\/v2\/types\/post"}],"author":[{"embeddable":true,"href":"https:\/\/arbetarkultur.se\/index.php?rest_route=\/wp\/v2\/users\/1"}],"replies":[{"embeddable":true,"href":"https:\/\/arbetarkultur.se\/index.php?rest_route=%2Fwp%2Fv2%2Fcomments&post=140"}],"version-history":[{"count":5,"href":"https:\/\/arbetarkultur.se\/index.php?rest_route=\/wp\/v2\/posts\/140\/revisions"}],"predecessor-version":[{"id":153,"href":"https:\/\/arbetarkultur.se\/index.php?rest_route=\/wp\/v2\/posts\/140\/revisions\/153"}],"wp:attachment":[{"href":"https:\/\/arbetarkultur.se\/index.php?rest_route=%2Fwp%2Fv2%2Fmedia&parent=140"}],"wp:term":[{"taxonomy":"category","embeddable":true,"href":"https:\/\/arbetarkultur.se\/index.php?rest_route=%2Fwp%2Fv2%2Fcategories&post=140"},{"taxonomy":"post_tag","embeddable":true,"href":"https:\/\/arbetarkultur.se\/index.php?rest_route=%2Fwp%2Fv2%2Ftags&post=140"}],"curies":[{"name":"wp","href":"https:\/\/api.w.org\/{rel}","templated":true}]}}