{"id":1501,"date":"2024-07-31T08:04:12","date_gmt":"2024-07-31T08:04:12","guid":{"rendered":"https:\/\/arbetarkultur.se\/?p=1501"},"modified":"2026-03-11T16:49:35","modified_gmt":"2026-03-11T16:49:35","slug":"erbjudande-om-att-bli-enskild-medlem","status":"publish","type":"post","link":"https:\/\/arbetarkultur.se\/?p=1501","title":{"rendered":"Erbjudande om att bli enskild medlem"},"content":{"rendered":"\n<p>Fram till 31 december 2025 har vi ett specialerbjudande om medlemskap i Arbetarnas Kulturhistoriska S\u00e4llskap f\u00f6r enskilda medlemmar. Om du blir medlem innan dess bjuder vi ocks\u00e5 p\u00e5 en bonusbok ur v\u00e5rt arkiv. Den titel vi har valt f\u00f6r den h\u00e4r kampanjen \u00e4r <strong>Den unge Per Albin &#8211; marxisten<\/strong>. L\u00e4s mer om bonusboken l\u00e4ngre ner.<\/p>\n\n\n\n<p>I medlemskapet ing\u00e5r dessutom ett exemplar av \u00e5rsboken, seminarier, vandringar, utst\u00e4llningar och utflykter. Medlemsavgiften f\u00f6r enskild medlem \u00e4r 200 kronor per \u00e5r.<\/p>\n\n\n\n<p>Du blir medlem genom att anm\u00e4la ert intresse p\u00e5 e-post:&nbsp;<a href=\"mailto:info@arbetarkultur.se\" target=\"_blank\" rel=\"noreferrer noopener\">info@arbetarkultur.se<\/a>. Vi beh\u00f6ver f\u00f6ljande uppgifter:<\/p>\n\n\n\n<p><strong>Ditt namn<\/strong><br><strong>Din postadress<\/strong><br><strong>Din e-post<\/strong><\/p>\n\n\n\n<p>S\u00e4tt in medlemsavgiften p\u00e5 PG: 1725-1 eller p\u00e5 Swish 123 230 88 98. Gl\u00f6m inte att ange ditt namn.<\/p>\n\n\n\n<p>Erbjudandet g\u00e4ller medlemskap f\u00f6r verksamhets\u00e5ret 2025.<\/p>\n\n\n\n<p>V\u00e4lkommen som medlem i Arbetarnas Kulturhistoriska S\u00e4llskap!<\/p>\n\n\n\n<p><strong><a href=\"https:\/\/libris.kb.se\/bib\/7420248\">Den unge Per Albin &#8211; marxisten<\/a><\/strong><\/p>\n\n\n\n<figure class=\"wp-block-image size-full\"><img loading=\"lazy\" decoding=\"async\" width=\"319\" height=\"527\" src=\"https:\/\/arbetarkultur.se\/wp-content\/uploads\/2024\/07\/50den_unge_peralbin.jpg\" alt=\"\" class=\"wp-image-1716\" srcset=\"https:\/\/arbetarkultur.se\/wp-content\/uploads\/2024\/07\/50den_unge_peralbin.jpg 319w, https:\/\/arbetarkultur.se\/wp-content\/uploads\/2024\/07\/50den_unge_peralbin-182x300.jpg 182w\" sizes=\"auto, (max-width: 319px) 100vw, 319px\" \/><\/figure>\n\n\n\n<p>Sigurd Klockare<br>Sigurd Klockares biografiska studie \u00f6ver den unge Per Albin Hansson omfattar en h\u00e4ndelserik period i arbetarr\u00f6relsens historia: \u00e5ren mellan 1905, d\u00e5 Per Albin blev redakt\u00f6r f\u00f6r socialdemokratiska ungdomsf\u00f6rbundets tidskrift &#8221;Fram&#8221;, och storstrejks\u00e5ret 1909, d\u00e5 han flyttade \u00f6ver till &#8221;Socialdemokraten&#8221;. Under denna period sk\u00e4rptes den anarkosocialistiska kritiken mot socialdemokratin. H\u00f6gerregeringen som tilltr\u00e4tt efter unionskrisen innebar sk\u00e4rpt framfart mot socialister och antimilitarister. Zeth H\u00f6glund startade &#8221;Stormklockan&#8221; och dispyten mot denne, kampen mot anarkosocialismen j\u00e4mte bekantskapen med Kautskys l\u00e4ror bidrog till den unge redakt\u00f6rens pr\u00e4gling och utveckling. I Klockares bok som bygger p\u00e5 gedigna k\u00e4llstudier framtr\u00e4der en delvis ok\u00e4nd bild av den unge Per Albin &#8211; marxisten. Den ger perspektiv och f\u00f6rst\u00e5else f\u00f6r personen som sedan skulle bli &#8221;folkhemmets&#8221; f\u00f6rgrundsgestalt framf\u00f6r andra. I bokens andra del har Klockare sammanst\u00e4llt ett antal av Per Albins artiklar fr\u00e5n hans tidsom redakt\u00f6r f\u00f6r &#8221;Fram&#8221;.<br>309 s, Tidens f\u00f6rlag, 1974.<\/p>\n","protected":false},"excerpt":{"rendered":"<p>Fram till 31 december 2025 har vi ett specialerbjudande om medlemskap i Arbetarnas Kulturhistoriska S\u00e4llskap f\u00f6r enskilda medlemmar. Om du blir medlem innan dess&#8230;<\/p>\n","protected":false},"author":1,"featured_media":0,"comment_status":"open","ping_status":"open","sticky":false,"template":"","format":"standard","meta":{"footnotes":""},"categories":[10,1],"tags":[],"class_list":["post-1501","post","type-post","status-publish","format-standard","hentry","category-medlemsinformation","category-nyheter"],"_links":{"self":[{"href":"https:\/\/arbetarkultur.se\/index.php?rest_route=\/wp\/v2\/posts\/1501","targetHints":{"allow":["GET"]}}],"collection":[{"href":"https:\/\/arbetarkultur.se\/index.php?rest_route=\/wp\/v2\/posts"}],"about":[{"href":"https:\/\/arbetarkultur.se\/index.php?rest_route=\/wp\/v2\/types\/post"}],"author":[{"embeddable":true,"href":"https:\/\/arbetarkultur.se\/index.php?rest_route=\/wp\/v2\/users\/1"}],"replies":[{"embeddable":true,"href":"https:\/\/arbetarkultur.se\/index.php?rest_route=%2Fwp%2Fv2%2Fcomments&post=1501"}],"version-history":[{"count":7,"href":"https:\/\/arbetarkultur.se\/index.php?rest_route=\/wp\/v2\/posts\/1501\/revisions"}],"predecessor-version":[{"id":1756,"href":"https:\/\/arbetarkultur.se\/index.php?rest_route=\/wp\/v2\/posts\/1501\/revisions\/1756"}],"wp:attachment":[{"href":"https:\/\/arbetarkultur.se\/index.php?rest_route=%2Fwp%2Fv2%2Fmedia&parent=1501"}],"wp:term":[{"taxonomy":"category","embeddable":true,"href":"https:\/\/arbetarkultur.se\/index.php?rest_route=%2Fwp%2Fv2%2Fcategories&post=1501"},{"taxonomy":"post_tag","embeddable":true,"href":"https:\/\/arbetarkultur.se\/index.php?rest_route=%2Fwp%2Fv2%2Ftags&post=1501"}],"curies":[{"name":"wp","href":"https:\/\/api.w.org\/{rel}","templated":true}]}}