{"id":164,"date":"2015-05-26T08:31:33","date_gmt":"2015-05-26T08:31:33","guid":{"rendered":"http:\/\/arbetarkultur.se\/?p=164"},"modified":"2015-05-26T08:31:33","modified_gmt":"2015-05-26T08:31:33","slug":"medlemserbjudande-de-arbetslosa-i-marienthal","status":"publish","type":"post","link":"https:\/\/arbetarkultur.se\/?p=164","title":{"rendered":"Medlemserbjudande: De arbetsl\u00f6sa i Marienthal"},"content":{"rendered":"<p>N\u00e4r textilfabriken p\u00e5 den lilla orten Marienthal i \u00d6sterrike slog igen i sp\u00e5ren av den stora depressionen kastades hela samh\u00e4llet ut i arbetsl\u00f6shet. Hur reagerade befolkningen? Reste de sig i protest som m\u00e5nga av tidens intellektuella trodde och hoppades p\u00e5?<\/p>\n<p>Nej, blev det korta svaret fr\u00e5n Marie Jahoda, Paul F. Lazarsfeld, Hans Zeisel, forskarlaget av som 1933 med sin studie kunde konstatera att bottenl\u00f6st el\u00e4nde inte i sig skapar sociala omv\u00e4lvningar. Arbetsl\u00f6sheten ledde till resignation och apati snarare \u00e4n en vilja till f\u00f6r\u00e4ndring av samh\u00e4llets ordning. Arbetets dolda betydelse f\u00f6r det m\u00e4nskliga livet blev tydlig n\u00e4r det f\u00f6rsvann.<\/p>\n<p>Marienthalstudien var nydanande och har kommit att bli ett av samh\u00e4llsvetenskapens mest legendariska arbeten. Of\u00f6rv\u00e4get anv\u00e4nde sig forskarna i sin ambition att f\u00f6rst\u00e5 av allt fr\u00e5n bio-grafiska intervjuer till hush\u00e5llsbudgetar, f\u00f6reningsdeltagande och kostnaden f\u00f6r att f\u00f6rverkliga barns julklappslistor<\/p>\n<p>Den \u00f6sterrikiske sociologen Christian Fleck har skrivit en introduktion till boken och f\u00f6rfattarna och Paavo Bergman visar i efterordet Marienthalstudiens metodologiska och analytiska f\u00f6r-tj\u00e4nster och dess centrala plats i studiet av arbetsl\u00f6shet, \u00e4nnu \u00e5ttio \u00e5r senare.<\/p>\n<p>Som medlem i AKS f\u00e5r du k\u00f6pa <em>De arbetsl\u00f6sa i Marienthal<\/em> av\u00a0Marie Jahoda, Paul F. Lazarsfeld, Hans Zeisel till specialpriset 160 kr inkl. frakt (ord. 229 kr inkl. frakt). Mejla namn, adress, ev. fakturadress\/ref.nummer till arkiv@arkiv.nu. Det g\u00e5r \u00e4ven bra att skicka samma uppgifter med post till Arkiv f\u00f6rlag och tidskrift, SVARSPOST, Kundnummer 204 673 87, 228 20 LUND.<\/p>\n<p>&nbsp;<\/p>\n<p>&nbsp;<\/p>\n<p>&nbsp;<\/p>\n<p>De arbetsl\u00f6sa i Marienthal<\/p>\n","protected":false},"excerpt":{"rendered":"<p>N\u00e4r textilfabriken p\u00e5 den lilla orten Marienthal i \u00d6sterrike slog igen i sp\u00e5ren av den stora depressionen kastades hela samh\u00e4llet ut i arbetsl\u00f6shet. Hur&#8230;<\/p>\n","protected":false},"author":1,"featured_media":0,"comment_status":"open","ping_status":"open","sticky":false,"template":"","format":"standard","meta":{"footnotes":""},"categories":[10],"tags":[],"class_list":["post-164","post","type-post","status-publish","format-standard","hentry","category-medlemsinformation"],"_links":{"self":[{"href":"https:\/\/arbetarkultur.se\/index.php?rest_route=\/wp\/v2\/posts\/164","targetHints":{"allow":["GET"]}}],"collection":[{"href":"https:\/\/arbetarkultur.se\/index.php?rest_route=\/wp\/v2\/posts"}],"about":[{"href":"https:\/\/arbetarkultur.se\/index.php?rest_route=\/wp\/v2\/types\/post"}],"author":[{"embeddable":true,"href":"https:\/\/arbetarkultur.se\/index.php?rest_route=\/wp\/v2\/users\/1"}],"replies":[{"embeddable":true,"href":"https:\/\/arbetarkultur.se\/index.php?rest_route=%2Fwp%2Fv2%2Fcomments&post=164"}],"version-history":[{"count":1,"href":"https:\/\/arbetarkultur.se\/index.php?rest_route=\/wp\/v2\/posts\/164\/revisions"}],"predecessor-version":[{"id":165,"href":"https:\/\/arbetarkultur.se\/index.php?rest_route=\/wp\/v2\/posts\/164\/revisions\/165"}],"wp:attachment":[{"href":"https:\/\/arbetarkultur.se\/index.php?rest_route=%2Fwp%2Fv2%2Fmedia&parent=164"}],"wp:term":[{"taxonomy":"category","embeddable":true,"href":"https:\/\/arbetarkultur.se\/index.php?rest_route=%2Fwp%2Fv2%2Fcategories&post=164"},{"taxonomy":"post_tag","embeddable":true,"href":"https:\/\/arbetarkultur.se\/index.php?rest_route=%2Fwp%2Fv2%2Ftags&post=164"}],"curies":[{"name":"wp","href":"https:\/\/api.w.org\/{rel}","templated":true}]}}