{"id":1642,"date":"2025-02-12T14:31:38","date_gmt":"2025-02-12T14:31:38","guid":{"rendered":"https:\/\/arbetarkultur.se\/?p=1642"},"modified":"2025-02-12T14:31:38","modified_gmt":"2025-02-12T14:31:38","slug":"david-ericsson-arbetarforfattaren","status":"publish","type":"post","link":"https:\/\/arbetarkultur.se\/?p=1642","title":{"rendered":"David Ericsson &#8211; arbetarf\u00f6rfattaren"},"content":{"rendered":"\n<p><strong>Tid:<\/strong> Torsdag 3 april 2025 klockan 12:00<br><strong>Plats:<\/strong> Katarina Sj\u00f6fartsklubb, Glasbruksgatan 2 Stockholm<\/p>\n\n\n\n<p>Lennart Johansson, ordf\u00f6rande i Ove Allanssonss\u00e4llskapet samtalar med David Ericsson, l\u00e5ngtradarchauff\u00f6re och f\u00f6rfattare.<\/p>\n\n\n\n<p>Anm\u00e4lan senast tisdag 25 mars 2025 till e-post: lennart.johansson49@arbetarkultur.se<\/p>\n\n\n\n<p><strong>Arrang\u00f6rer: Katarina Sj\u00f6fartsklubb, Ove Allanssons\u00e4llskapet och Arbetarnas Kulturhistoriska S\u00e4llskap.<\/strong><\/p>\n","protected":false},"excerpt":{"rendered":"<p>Tid: Torsdag 3 april 2025 klockan 12:00Plats: Katarina Sj\u00f6fartsklubb, Glasbruksgatan 2 Stockholm Lennart Johansson, ordf\u00f6rande i Ove Allanssonss\u00e4llskapet samtalar med David Ericsson, l\u00e5ngtradarchauff\u00f6re och&#8230;<\/p>\n","protected":false},"author":1,"featured_media":0,"comment_status":"open","ping_status":"open","sticky":false,"template":"","format":"standard","meta":{"footnotes":""},"categories":[10,1,9],"tags":[],"class_list":["post-1642","post","type-post","status-publish","format-standard","hentry","category-medlemsinformation","category-nyheter","category-seminarier-och-moten"],"_links":{"self":[{"href":"https:\/\/arbetarkultur.se\/index.php?rest_route=\/wp\/v2\/posts\/1642","targetHints":{"allow":["GET"]}}],"collection":[{"href":"https:\/\/arbetarkultur.se\/index.php?rest_route=\/wp\/v2\/posts"}],"about":[{"href":"https:\/\/arbetarkultur.se\/index.php?rest_route=\/wp\/v2\/types\/post"}],"author":[{"embeddable":true,"href":"https:\/\/arbetarkultur.se\/index.php?rest_route=\/wp\/v2\/users\/1"}],"replies":[{"embeddable":true,"href":"https:\/\/arbetarkultur.se\/index.php?rest_route=%2Fwp%2Fv2%2Fcomments&post=1642"}],"version-history":[{"count":1,"href":"https:\/\/arbetarkultur.se\/index.php?rest_route=\/wp\/v2\/posts\/1642\/revisions"}],"predecessor-version":[{"id":1643,"href":"https:\/\/arbetarkultur.se\/index.php?rest_route=\/wp\/v2\/posts\/1642\/revisions\/1643"}],"wp:attachment":[{"href":"https:\/\/arbetarkultur.se\/index.php?rest_route=%2Fwp%2Fv2%2Fmedia&parent=1642"}],"wp:term":[{"taxonomy":"category","embeddable":true,"href":"https:\/\/arbetarkultur.se\/index.php?rest_route=%2Fwp%2Fv2%2Fcategories&post=1642"},{"taxonomy":"post_tag","embeddable":true,"href":"https:\/\/arbetarkultur.se\/index.php?rest_route=%2Fwp%2Fv2%2Ftags&post=1642"}],"curies":[{"name":"wp","href":"https:\/\/api.w.org\/{rel}","templated":true}]}}