{"id":1745,"date":"2025-09-18T08:28:19","date_gmt":"2025-09-18T08:28:19","guid":{"rendered":"https:\/\/arbetarkultur.se\/?p=1745"},"modified":"2025-09-23T17:19:04","modified_gmt":"2025-09-23T17:19:04","slug":"kvinnokalender-2026","status":"publish","type":"post","link":"https:\/\/arbetarkultur.se\/?p=1745","title":{"rendered":"Kvinnokalender 2026"},"content":{"rendered":"\n<p><strong>Systrar, kamrater!<\/strong><br>Kvinnor i arbetarr\u00f6relsen<br>Almanacka 2026<\/p>\n\n\n\n<p>V\u00e4ggalmanacka i A3-format: Mother Jones, Anna Lindhagen, Solveig R\u00f6nn-Christiansson, Katharina Jacob, Viola Sandell, Hilde Krones, Iris Ahlberg, Birgitta Dahl, Anna-Lisa Sahlstr\u00f6m, M\u00f6drarna p\u00e5 Plaza de Mayo, Ulrika Linder, Tina \u00c5modt<\/p>\n\n\n\n<p>Best\u00e4ll &#8221;Systrar, kamrater&#8221; f\u00f6r 100 kr + porto fr\u00e5n AKS, Elektronv\u00e4gen 2, 141 49 Huddinge eller info@arbetarkultur.se<\/p>\n\n\n\n<p><strong>Skicka med f\u00f6ljande information:<\/strong><\/p>\n\n\n\n<p>Jag best\u00e4ller &#8230; ex av almanackan<\/p>\n\n\n\n<p>Namn:<br>Adress:<br>Postadress:<br>e-post:<\/p>\n\n\n\n<p><strong>Utgivare: Arbetarnas Kulturhistoriska S\u00e4llskap och Arbetarr\u00f6relsens arkiv och bibliotek<\/strong><\/p>\n\n\n\n<p>Det g\u00e5r att k\u00f6pa och h\u00e4mta best\u00e4llda almanackor p\u00e5 ABF-huset, Sveav\u00e4gen 41, Stockholm f\u00f6ljande tider:<\/p>\n\n\n\n<p><strong>F\u00f6rs\u00e4ljning och h\u00e4mtning av Kvinnokalender 2026<\/strong><br><strong>Tid:<\/strong>&nbsp;Torsdag 2 oktober kl 16:00-18:00<br><strong>Plats:<\/strong>&nbsp;ABF-huset, Sveav\u00e4gen 41, Stockholm<\/p>\n\n\n\n<p><strong>F\u00f6rs\u00e4ljning och h\u00e4mtning av Kvinnokalender 2026<\/strong><br><strong>Tid:<\/strong>&nbsp;Torsdag 9 oktober kl 16:00-18:00<br><strong>Plats:<\/strong>&nbsp;ABF-huset, Sveav\u00e4gen 41, Stockholm<\/p>\n\n\n\n<p><strong>F\u00f6rs\u00e4ljning och h\u00e4mtning av Kvinnokalender 2026<\/strong><br><strong>Tid:<\/strong>&nbsp;Fredag 10 oktober kl 16:00-18:00<br><strong>Plats:<\/strong>&nbsp;ABF-huset, Sveav\u00e4gen 41, Stockholm<\/p>\n\n\n\n<figure class=\"wp-block-image size-large\"><img loading=\"lazy\" decoding=\"async\" width=\"768\" height=\"1024\" src=\"https:\/\/arbetarkultur.se\/wp-content\/uploads\/2025\/09\/kalender26-768x1024.jpg\" alt=\"\" class=\"wp-image-1747\" srcset=\"https:\/\/arbetarkultur.se\/wp-content\/uploads\/2025\/09\/kalender26-768x1024.jpg 768w, https:\/\/arbetarkultur.se\/wp-content\/uploads\/2025\/09\/kalender26-225x300.jpg 225w, https:\/\/arbetarkultur.se\/wp-content\/uploads\/2025\/09\/kalender26-1152x1536.jpg 1152w, https:\/\/arbetarkultur.se\/wp-content\/uploads\/2025\/09\/kalender26-1536x2048.jpg 1536w, https:\/\/arbetarkultur.se\/wp-content\/uploads\/2025\/09\/kalender26-scaled.jpg 1920w\" sizes=\"auto, (max-width: 768px) 100vw, 768px\" \/><\/figure>\n","protected":false},"excerpt":{"rendered":"<p>Systrar, kamrater!Kvinnor i arbetarr\u00f6relsenAlmanacka 2026 V\u00e4ggalmanacka i A3-format: Mother Jones, Anna Lindhagen, Solveig R\u00f6nn-Christiansson, Katharina Jacob, Viola Sandell, Hilde Krones, Iris Ahlberg, Birgitta Dahl,&#8230;<\/p>\n","protected":false},"author":1,"featured_media":0,"comment_status":"open","ping_status":"open","sticky":false,"template":"","format":"standard","meta":{"footnotes":""},"categories":[5,1],"tags":[],"class_list":["post-1745","post","type-post","status-publish","format-standard","hentry","category-bokutgivning","category-nyheter"],"_links":{"self":[{"href":"https:\/\/arbetarkultur.se\/index.php?rest_route=\/wp\/v2\/posts\/1745","targetHints":{"allow":["GET"]}}],"collection":[{"href":"https:\/\/arbetarkultur.se\/index.php?rest_route=\/wp\/v2\/posts"}],"about":[{"href":"https:\/\/arbetarkultur.se\/index.php?rest_route=\/wp\/v2\/types\/post"}],"author":[{"embeddable":true,"href":"https:\/\/arbetarkultur.se\/index.php?rest_route=\/wp\/v2\/users\/1"}],"replies":[{"embeddable":true,"href":"https:\/\/arbetarkultur.se\/index.php?rest_route=%2Fwp%2Fv2%2Fcomments&post=1745"}],"version-history":[{"count":2,"href":"https:\/\/arbetarkultur.se\/index.php?rest_route=\/wp\/v2\/posts\/1745\/revisions"}],"predecessor-version":[{"id":1751,"href":"https:\/\/arbetarkultur.se\/index.php?rest_route=\/wp\/v2\/posts\/1745\/revisions\/1751"}],"wp:attachment":[{"href":"https:\/\/arbetarkultur.se\/index.php?rest_route=%2Fwp%2Fv2%2Fmedia&parent=1745"}],"wp:term":[{"taxonomy":"category","embeddable":true,"href":"https:\/\/arbetarkultur.se\/index.php?rest_route=%2Fwp%2Fv2%2Fcategories&post=1745"},{"taxonomy":"post_tag","embeddable":true,"href":"https:\/\/arbetarkultur.se\/index.php?rest_route=%2Fwp%2Fv2%2Ftags&post=1745"}],"curies":[{"name":"wp","href":"https:\/\/api.w.org\/{rel}","templated":true}]}}