{"id":182,"date":"2015-09-08T10:25:08","date_gmt":"2015-09-08T10:25:08","guid":{"rendered":"http:\/\/arbetarkultur.se\/?p=182"},"modified":"2015-09-08T10:25:25","modified_gmt":"2015-09-08T10:25:25","slug":"fred-med-norge-bokpresentation-14-oktober-pa-arbetarrorelsens-arkiv","status":"publish","type":"post","link":"https:\/\/arbetarkultur.se\/?p=182","title":{"rendered":"Fred med Norge &#8211; bokpresentation 14 november p\u00e5 Arbetarr\u00f6relsens arkiv"},"content":{"rendered":"<p>N\u00e4r Norge br\u00f6t sig ur den p\u00e5tvingade unionen med Sverige 1905 ville m\u00e5nga svenska makthavare svara med milit\u00e4rt angrepp. Men f\u00f6r att kunna starta ett krig m\u00e5ste regeringen f\u00e5 med sig sin egen befolkning. Och inom arbetarr\u00f6relsen \u00e4r sympatierna f\u00f6r Norge starka. I juni samma \u00e5r skakas Sverige av en protestv\u00e5g. I Malm\u00f6, G\u00f6teborg och Stockholm g\u00e5r tiotusentals ut p\u00e5 gatorna f\u00f6r att demonstrera under paroller som \u201dR\u00e4ttvisa \u00e5t Norge \u2013 Fred med Norge\u201d. Den borgerliga pressen skriver chockerade rapporter om hur soldaterna sjunger Arbetets s\u00f6ner och Ja, vi elsker i matsalen.<\/p>\n<p>Fred med Norge \u00e4r en historisk reportagebok p\u00e5 Murbruk f\u00f6rlag om en av den svenska arbetarr\u00f6relsens st\u00f6rsta och mest bortgl\u00f6mda segrar. Bokens f\u00f6rfattare Kalle Holmqvist presenterar boken p\u00e5 Arbetarr\u00f6relsens arkiv den 14 november.\u00a0 Se www.arbark.se f\u00f6r klockslag.<\/p>\n","protected":false},"excerpt":{"rendered":"<p>N\u00e4r Norge br\u00f6t sig ur den p\u00e5tvingade unionen med Sverige 1905 ville m\u00e5nga svenska makthavare svara med milit\u00e4rt angrepp. Men f\u00f6r att kunna starta&#8230;<\/p>\n","protected":false},"author":1,"featured_media":0,"comment_status":"open","ping_status":"open","sticky":false,"template":"","format":"standard","meta":{"footnotes":""},"categories":[1],"tags":[],"class_list":["post-182","post","type-post","status-publish","format-standard","hentry","category-nyheter"],"_links":{"self":[{"href":"https:\/\/arbetarkultur.se\/index.php?rest_route=\/wp\/v2\/posts\/182","targetHints":{"allow":["GET"]}}],"collection":[{"href":"https:\/\/arbetarkultur.se\/index.php?rest_route=\/wp\/v2\/posts"}],"about":[{"href":"https:\/\/arbetarkultur.se\/index.php?rest_route=\/wp\/v2\/types\/post"}],"author":[{"embeddable":true,"href":"https:\/\/arbetarkultur.se\/index.php?rest_route=\/wp\/v2\/users\/1"}],"replies":[{"embeddable":true,"href":"https:\/\/arbetarkultur.se\/index.php?rest_route=%2Fwp%2Fv2%2Fcomments&post=182"}],"version-history":[{"count":2,"href":"https:\/\/arbetarkultur.se\/index.php?rest_route=\/wp\/v2\/posts\/182\/revisions"}],"predecessor-version":[{"id":184,"href":"https:\/\/arbetarkultur.se\/index.php?rest_route=\/wp\/v2\/posts\/182\/revisions\/184"}],"wp:attachment":[{"href":"https:\/\/arbetarkultur.se\/index.php?rest_route=%2Fwp%2Fv2%2Fmedia&parent=182"}],"wp:term":[{"taxonomy":"category","embeddable":true,"href":"https:\/\/arbetarkultur.se\/index.php?rest_route=%2Fwp%2Fv2%2Fcategories&post=182"},{"taxonomy":"post_tag","embeddable":true,"href":"https:\/\/arbetarkultur.se\/index.php?rest_route=%2Fwp%2Fv2%2Ftags&post=182"}],"curies":[{"name":"wp","href":"https:\/\/api.w.org\/{rel}","templated":true}]}}