{"id":216,"date":"2016-02-01T09:23:28","date_gmt":"2016-02-01T09:23:28","guid":{"rendered":"http:\/\/arbetarkultur.se\/?p=216"},"modified":"2016-02-01T09:23:28","modified_gmt":"2016-02-01T09:23:28","slug":"medlemsbrev-januari-2016","status":"publish","type":"post","link":"https:\/\/arbetarkultur.se\/?p=216","title":{"rendered":"Medlemsbrev januari 2016"},"content":{"rendered":"<p><strong>90-\u00c5RSJUBILEUM 6 APRIL<\/strong><\/p>\n<p>I april 2016 \u00e4r det 90 \u00e5r sedan ett upprop s\u00e4ndes ut och manade till samling i Typografiska F\u00f6re-ningens samlingslokal p\u00e5 V\u00e4stmannagatan 1 i Stockholm f\u00f6r\u00a0 \u201dbildandet av ett arbetarkulturhisto-riskt s\u00e4llskap f\u00f6r tillvaratagandet av arbetarr\u00f6relsens och arbetarklassens kulturhistoriska minnen och som till-handaginge med r\u00e5d och hj\u00e4lp, helst i samarbete med Arbetarr\u00f6relsens arkiv och n\u00e4rmast liggande officiella institutioner.\u201d<\/p>\n<p>De nio undertecknarna var alla m\u00e4n:<em>Oskar Borge<\/em>, f\u00f6rest\u00e5ndare f\u00f6r Arbetarr\u00f6relsens arkiv, <em>Johan-Olov Johansson<\/em>, kass\u00f6r i LO,\u00a0 <em>Fredrik Str\u00f6m<\/em>, redakt\u00f6r, <em>Ivar Vennerstr\u00f6m<\/em>, riksdagsman <em>Sigvard Cruse<\/em>, f\u00f6rtroendeman i Typograff\u00f6rbundet, <em>Ragnar Casparsson<\/em>, redakt\u00f6r,\u00a0 <em>Ossian H\u00e5kansson<\/em>, journalist <em>Fredrik E \u00c5hlander<\/em> och bibliotekarie <em>Mauritz Andersson<\/em>, sekreterare i ABF<\/p>\n<p>V\u00e4lkomna till \u00e5rsm\u00f6te i AKS och 90-\u00e5rsjubileum 6 APRIL KL 17.30, ABF-HUSET I STOCKHOLM &#8211; mer information kommer om detta.<\/p>\n<p>&nbsp;<\/p>\n<p><strong>DAGS ATT BETALA MEDLEMSAVGIFTEN<\/strong><\/p>\n<p>S\u00e4llskapets h\u00f6stm\u00f6te besl\u00f6t att beh\u00e5lla medlemsavgifterna of\u00f6r\u00e4ndrade f\u00f6r \u00e5r 2016 vilket inneb\u00e4r:<\/p>\n<p>150 kronor f\u00f6r enskild<\/p>\n<p>400 kronor f\u00f6r lokal organisation<\/p>\n<p>800 kronor f\u00f6r central organisation<\/p>\n<p>I medlemsavgiften ing\u00e5r \u00e5rsboken<\/p>\n<p>&nbsp;<\/p>\n<p><strong>BIDRAG TILL GRAVV\u00c5RDEN!<\/strong><\/p>\n<p>AKS har sedan n\u00e5gra \u00e5r v\u00e5rdnaden om August Palms och Kata Dalstr\u00f6ms gravar p\u00e5 Norra be-gravningsplatsen i Solna och har delad v\u00e5rdnad med arbetarr\u00f6relsen i Malm\u00f6 av Henrik Me-nanders grav p\u00e5 S:t Paulikyrkog\u00e5rden i Malm\u00f6. Gravarna \u00e4r blomstersmyckade och till alla tre gravarna g\u00f6rs guidade vandringar.\u00a0 Till v\u00e5ren \u00e4r det dags att g\u00f6ra en upprustning av August Palms gravsten, det har g\u00e5tt n\u00e5gra \u00e5r sen sist och texten beh\u00f6ver fyllas i. Alla tre gravarna \u00e4r snart 100 \u00e5r gamla.<\/p>\n<p>Den som vill bidra till v\u00e5ra pionj\u00e4rers gravv\u00e5rd kan anv\u00e4nda AKS plusgiro 1725-1 och m\u00e4rka inbetalningen med \u201dGravv\u00e5rd\u201d.<\/p>\n<p>&nbsp;<\/p>\n<p><strong>SEMINARIER, VANDRINGAR, BUSSTURER<\/strong><\/p>\n<p>arrangeras och genomf\u00f6rs i samarbete med ABF Stockholm, Sveav\u00e4gen 41, Arbetarr\u00f6relsens arkiv och bibliotek, ARAB, Elektronv\u00e4gen 2 i Huddinge och tidningen Arbetet.<\/p>\n<p>www.abfstockholm.se<\/p>\n<p>www.arbark.se<\/p>\n<p>www.arbetarkultur.se www.arbetet.se<\/p>\n<p>&nbsp;<\/p>\n","protected":false},"excerpt":{"rendered":"<p>90-\u00c5RSJUBILEUM 6 APRIL I april 2016 \u00e4r det 90 \u00e5r sedan ett upprop s\u00e4ndes ut och manade till samling i Typografiska F\u00f6re-ningens samlingslokal p\u00e5&#8230;<\/p>\n","protected":false},"author":1,"featured_media":0,"comment_status":"open","ping_status":"open","sticky":false,"template":"","format":"standard","meta":{"footnotes":""},"categories":[1],"tags":[],"class_list":["post-216","post","type-post","status-publish","format-standard","hentry","category-nyheter"],"_links":{"self":[{"href":"https:\/\/arbetarkultur.se\/index.php?rest_route=\/wp\/v2\/posts\/216","targetHints":{"allow":["GET"]}}],"collection":[{"href":"https:\/\/arbetarkultur.se\/index.php?rest_route=\/wp\/v2\/posts"}],"about":[{"href":"https:\/\/arbetarkultur.se\/index.php?rest_route=\/wp\/v2\/types\/post"}],"author":[{"embeddable":true,"href":"https:\/\/arbetarkultur.se\/index.php?rest_route=\/wp\/v2\/users\/1"}],"replies":[{"embeddable":true,"href":"https:\/\/arbetarkultur.se\/index.php?rest_route=%2Fwp%2Fv2%2Fcomments&post=216"}],"version-history":[{"count":2,"href":"https:\/\/arbetarkultur.se\/index.php?rest_route=\/wp\/v2\/posts\/216\/revisions"}],"predecessor-version":[{"id":218,"href":"https:\/\/arbetarkultur.se\/index.php?rest_route=\/wp\/v2\/posts\/216\/revisions\/218"}],"wp:attachment":[{"href":"https:\/\/arbetarkultur.se\/index.php?rest_route=%2Fwp%2Fv2%2Fmedia&parent=216"}],"wp:term":[{"taxonomy":"category","embeddable":true,"href":"https:\/\/arbetarkultur.se\/index.php?rest_route=%2Fwp%2Fv2%2Fcategories&post=216"},{"taxonomy":"post_tag","embeddable":true,"href":"https:\/\/arbetarkultur.se\/index.php?rest_route=%2Fwp%2Fv2%2Ftags&post=216"}],"curies":[{"name":"wp","href":"https:\/\/api.w.org\/{rel}","templated":true}]}}