{"id":236,"date":"2016-02-22T09:51:02","date_gmt":"2016-02-22T09:51:02","guid":{"rendered":"http:\/\/arbetarkultur.se\/?p=236"},"modified":"2016-02-22T09:51:02","modified_gmt":"2016-02-22T09:51:02","slug":"finlandska-fascister-efter-inbordeskriget-1918","status":"publish","type":"post","link":"https:\/\/arbetarkultur.se\/?p=236","title":{"rendered":"Finl\u00e4ndska fascister efter inb\u00f6rdeskriget 1918"},"content":{"rendered":"<p><span style=\"font-size: 12.0pt; color: #203864;\">. Tillsammans med Oula Silvennoinen och Marko Tikka har Roselius i dagarna kommit ut med boken <i>Suomalaiset fasistit<\/i> \u2013 Finl\u00e4ndska fascister, som p\u00e5 500 sidor redog\u00f6r f\u00f6r fascisterna i Finland efter inb\u00f6rdeskriget 1918. Boken finns idag endast p\u00e5 finska.<\/span><\/p>\n<p><span style=\"font-size: 12.0pt; color: #203864;\">Den 12 maj klockan 18.00\u00a0 medverkar Aapo Roselius i ett p\u00e5 temat fascismen i Finland, <span style=\"font-size: 12.0pt; color: #203864;\">p\u00e5 ABF-huset i Stockholm, Sveav\u00e4gen 41.<\/span><br \/>\n<\/span><\/p>\n","protected":false},"excerpt":{"rendered":"<p>. Tillsammans med Oula Silvennoinen och Marko Tikka har Roselius i dagarna kommit ut med boken Suomalaiset fasistit \u2013 Finl\u00e4ndska fascister, som p\u00e5 500&#8230;<\/p>\n","protected":false},"author":1,"featured_media":0,"comment_status":"open","ping_status":"open","sticky":false,"template":"","format":"standard","meta":{"footnotes":""},"categories":[9],"tags":[],"class_list":["post-236","post","type-post","status-publish","format-standard","hentry","category-seminarier-och-moten"],"_links":{"self":[{"href":"https:\/\/arbetarkultur.se\/index.php?rest_route=\/wp\/v2\/posts\/236","targetHints":{"allow":["GET"]}}],"collection":[{"href":"https:\/\/arbetarkultur.se\/index.php?rest_route=\/wp\/v2\/posts"}],"about":[{"href":"https:\/\/arbetarkultur.se\/index.php?rest_route=\/wp\/v2\/types\/post"}],"author":[{"embeddable":true,"href":"https:\/\/arbetarkultur.se\/index.php?rest_route=\/wp\/v2\/users\/1"}],"replies":[{"embeddable":true,"href":"https:\/\/arbetarkultur.se\/index.php?rest_route=%2Fwp%2Fv2%2Fcomments&post=236"}],"version-history":[{"count":1,"href":"https:\/\/arbetarkultur.se\/index.php?rest_route=\/wp\/v2\/posts\/236\/revisions"}],"predecessor-version":[{"id":237,"href":"https:\/\/arbetarkultur.se\/index.php?rest_route=\/wp\/v2\/posts\/236\/revisions\/237"}],"wp:attachment":[{"href":"https:\/\/arbetarkultur.se\/index.php?rest_route=%2Fwp%2Fv2%2Fmedia&parent=236"}],"wp:term":[{"taxonomy":"category","embeddable":true,"href":"https:\/\/arbetarkultur.se\/index.php?rest_route=%2Fwp%2Fv2%2Fcategories&post=236"},{"taxonomy":"post_tag","embeddable":true,"href":"https:\/\/arbetarkultur.se\/index.php?rest_route=%2Fwp%2Fv2%2Ftags&post=236"}],"curies":[{"name":"wp","href":"https:\/\/api.w.org\/{rel}","templated":true}]}}