{"id":255,"date":"2016-04-19T07:28:09","date_gmt":"2016-04-19T07:28:09","guid":{"rendered":"http:\/\/arbetarkultur.se\/?p=255"},"modified":"2016-04-19T07:35:51","modified_gmt":"2016-04-19T07:35:51","slug":"arbetarnas-stockholm-1880-1920-sa-vaxte-1-maj-firandet-och-arbetarrorelsen-fram","status":"publish","type":"post","link":"https:\/\/arbetarkultur.se\/?p=255","title":{"rendered":"Arbetarnas Stockholm 1880 -1920"},"content":{"rendered":"<p><strong>&#8211; s\u00e5 v\u00e4xte 1 maj-firandet och arbetarr\u00f6relsen fram<\/strong><\/p>\n<p>I slutet av 1800-talet v\u00e4xte det moderna Stockholm fram. M\u00e4nniskor kom inflyttande fr\u00e5n landsbygden och fick jobb p\u00e5 fabriker och transportf\u00f6retag, i butiker och p\u00e5 byggen. Arbetarna hade f\u00e5 r\u00e4ttigheter och fick inte ens r\u00f6sta. \u00c4nd\u00e5 valde de att r\u00e4ta p\u00e5 ryggarna och b\u00f6rja sl\u00e5ss f\u00f6r b\u00e4ttre villkor.<\/p>\n<p>Boken <em>Arbetarnas Stockholm<\/em> beskriver dels hur arbetarr\u00f6relsen grundades och dels arbetarklassens vardagsvillkor kring f\u00f6rra sekelskiftet. Det var p\u00e5 m\u00e5nga s\u00e4tt en h\u00e5rd tillvaro med fattigdom och mis\u00e4r. Men ber\u00e4ttelsen om Stockholms arbetarklass \u00e4r absolut ingen el\u00e4ndeshistoria. Mest av allt \u00e4r det en historia om kamp och motst\u00e5nd, om m\u00e4n och kvinnor som organiserade sig f\u00f6r att skapa en b\u00e4ttre framtid. De b\u00f6rjade bygga upp en egen stad: sina egna fack-liga och politiska organisationer, tidningar och m\u00f6teslokaler. Ett arbetarnas Stockholm.<\/p>\n<p>&nbsp;<\/p>\n<p>Anne-Marie Lindgren, f\u00f6rfattare till boken,\u00a0 ber\u00e4ttar.<\/p>\n<p>Fredag 29 april kl 12.00<\/p>\n<p>ABF-huset, Sveav\u00e4gen 41, Stockholm<\/p>\n<p><strong>Fri entr\u00e9<\/strong><\/p>\n<p>Arrangeras av AKS, ABF samt Arbetarr\u00f6relsens arkiv och bibliotek<\/p>\n","protected":false},"excerpt":{"rendered":"<p>&#8211; s\u00e5 v\u00e4xte 1 maj-firandet och arbetarr\u00f6relsen fram I slutet av 1800-talet v\u00e4xte det moderna Stockholm fram. M\u00e4nniskor kom inflyttande fr\u00e5n landsbygden och fick&#8230;<\/p>\n","protected":false},"author":1,"featured_media":0,"comment_status":"open","ping_status":"open","sticky":false,"template":"","format":"standard","meta":{"footnotes":""},"categories":[1,9],"tags":[],"class_list":["post-255","post","type-post","status-publish","format-standard","hentry","category-nyheter","category-seminarier-och-moten"],"_links":{"self":[{"href":"https:\/\/arbetarkultur.se\/index.php?rest_route=\/wp\/v2\/posts\/255","targetHints":{"allow":["GET"]}}],"collection":[{"href":"https:\/\/arbetarkultur.se\/index.php?rest_route=\/wp\/v2\/posts"}],"about":[{"href":"https:\/\/arbetarkultur.se\/index.php?rest_route=\/wp\/v2\/types\/post"}],"author":[{"embeddable":true,"href":"https:\/\/arbetarkultur.se\/index.php?rest_route=\/wp\/v2\/users\/1"}],"replies":[{"embeddable":true,"href":"https:\/\/arbetarkultur.se\/index.php?rest_route=%2Fwp%2Fv2%2Fcomments&post=255"}],"version-history":[{"count":3,"href":"https:\/\/arbetarkultur.se\/index.php?rest_route=\/wp\/v2\/posts\/255\/revisions"}],"predecessor-version":[{"id":261,"href":"https:\/\/arbetarkultur.se\/index.php?rest_route=\/wp\/v2\/posts\/255\/revisions\/261"}],"wp:attachment":[{"href":"https:\/\/arbetarkultur.se\/index.php?rest_route=%2Fwp%2Fv2%2Fmedia&parent=255"}],"wp:term":[{"taxonomy":"category","embeddable":true,"href":"https:\/\/arbetarkultur.se\/index.php?rest_route=%2Fwp%2Fv2%2Fcategories&post=255"},{"taxonomy":"post_tag","embeddable":true,"href":"https:\/\/arbetarkultur.se\/index.php?rest_route=%2Fwp%2Fv2%2Ftags&post=255"}],"curies":[{"name":"wp","href":"https:\/\/api.w.org\/{rel}","templated":true}]}}