{"id":284,"date":"2016-11-01T11:37:33","date_gmt":"2016-11-01T11:37:33","guid":{"rendered":"http:\/\/arbetarkultur.se\/?p=284"},"modified":"2016-11-01T11:57:21","modified_gmt":"2016-11-01T11:57:21","slug":"gunnela-bjork-om-kata-dalstrom","status":"publish","type":"post","link":"https:\/\/arbetarkultur.se\/?p=284","title":{"rendered":"Gunnela Bj\u00f6rk om Kata Dalstr\u00f6m"},"content":{"rendered":"<p>Historikern Gunnela Bj\u00f6rk ber\u00e4ttar om Kata Dalstr\u00f6m\u00a0 &#8211;\u00a0 sjubarnsmamma, socialdemokrat, kommunist och buddist.<\/p>\n<p>Torsdagen 3 november klockan 18.30<\/p>\n<p>ABF-huset, Sveav\u00e4gen 41, Stockholm<\/p>\n<p>Fri entr\u00e9<\/p>\n<p>Ett arrangemang av <span style=\"color: #203864;\">Arbetarnas Kulturhistoriska S\u00e4llskap, ABF Stockholm, Arbetarr\u00f6relsens arkiv och bibliotek<\/span><\/p>\n","protected":false},"excerpt":{"rendered":"<p>Historikern Gunnela Bj\u00f6rk ber\u00e4ttar om Kata Dalstr\u00f6m\u00a0 &#8211;\u00a0 sjubarnsmamma, socialdemokrat, kommunist och buddist. Torsdagen 3 november klockan 18.30 ABF-huset, Sveav\u00e4gen 41, Stockholm Fri entr\u00e9&#8230;<\/p>\n","protected":false},"author":1,"featured_media":0,"comment_status":"open","ping_status":"open","sticky":false,"template":"","format":"standard","meta":{"footnotes":""},"categories":[1,9],"tags":[],"class_list":["post-284","post","type-post","status-publish","format-standard","hentry","category-nyheter","category-seminarier-och-moten"],"_links":{"self":[{"href":"https:\/\/arbetarkultur.se\/index.php?rest_route=\/wp\/v2\/posts\/284","targetHints":{"allow":["GET"]}}],"collection":[{"href":"https:\/\/arbetarkultur.se\/index.php?rest_route=\/wp\/v2\/posts"}],"about":[{"href":"https:\/\/arbetarkultur.se\/index.php?rest_route=\/wp\/v2\/types\/post"}],"author":[{"embeddable":true,"href":"https:\/\/arbetarkultur.se\/index.php?rest_route=\/wp\/v2\/users\/1"}],"replies":[{"embeddable":true,"href":"https:\/\/arbetarkultur.se\/index.php?rest_route=%2Fwp%2Fv2%2Fcomments&post=284"}],"version-history":[{"count":1,"href":"https:\/\/arbetarkultur.se\/index.php?rest_route=\/wp\/v2\/posts\/284\/revisions"}],"predecessor-version":[{"id":285,"href":"https:\/\/arbetarkultur.se\/index.php?rest_route=\/wp\/v2\/posts\/284\/revisions\/285"}],"wp:attachment":[{"href":"https:\/\/arbetarkultur.se\/index.php?rest_route=%2Fwp%2Fv2%2Fmedia&parent=284"}],"wp:term":[{"taxonomy":"category","embeddable":true,"href":"https:\/\/arbetarkultur.se\/index.php?rest_route=%2Fwp%2Fv2%2Fcategories&post=284"},{"taxonomy":"post_tag","embeddable":true,"href":"https:\/\/arbetarkultur.se\/index.php?rest_route=%2Fwp%2Fv2%2Ftags&post=284"}],"curies":[{"name":"wp","href":"https:\/\/api.w.org\/{rel}","templated":true}]}}