{"id":345,"date":"2017-04-26T07:59:25","date_gmt":"2017-04-26T07:59:25","guid":{"rendered":"http:\/\/arbetarkultur.se\/?p=345"},"modified":"2017-04-26T08:10:13","modified_gmt":"2017-04-26T08:10:13","slug":"stig-sjodin-brukspojken-som-blev-poet-2","status":"publish","type":"post","link":"https:\/\/arbetarkultur.se\/?p=345","title":{"rendered":"Stig Sj\u00f6din &#8211; brukspojken som blev poet"},"content":{"rendered":"<p>Ett litter\u00e4rt samtal med Rasmus Landstr\u00f6m om j\u00e4rnverksarbetaren, arbetarpoeten och kulturjournalisten Stig Sj\u00f6din, f\u00f6dd 1917 i Sandviken.<\/p>\n<div style=\"left: 71.0571px; top: 434.888px; font-size: 16.7116px; font-family: serif; transform: scaleX(1.00113);\">Onsdag 3 maj kl 18.00<\/div>\n<div style=\"left: 71.0571px; top: 434.888px; font-size: 16.7116px; font-family: serif; transform: scaleX(1.00113);\">ABF-huset, Sveav\u00e4gen 41, Stockholm<\/div>\n<div style=\"left: 71.0571px; top: 434.888px; font-size: 16.7116px; font-family: serif; transform: scaleX(1.00113);\">Fri entr\u00e9<\/div>\n<div style=\"left: 71.0571px; top: 434.888px; font-size: 16.7116px; font-family: serif; transform: scaleX(1.00113);\"><\/div>\n<div style=\"left: 71.0571px; top: 434.888px; font-size: 16.7116px; font-family: serif; transform: scaleX(1.00113);\">Arrangeras av ABF, AKS och Arbetarr\u00f6relsens arkiv och bibliotek<\/div>\n","protected":false},"excerpt":{"rendered":"<p>Ett litter\u00e4rt samtal med Rasmus Landstr\u00f6m om j\u00e4rnverksarbetaren, arbetarpoeten och kulturjournalisten Stig Sj\u00f6din, f\u00f6dd 1917 i Sandviken. Onsdag 3 maj kl 18.00 ABF-huset, Sveav\u00e4gen&#8230;<\/p>\n","protected":false},"author":1,"featured_media":0,"comment_status":"open","ping_status":"open","sticky":false,"template":"","format":"standard","meta":{"footnotes":""},"categories":[1],"tags":[],"class_list":["post-345","post","type-post","status-publish","format-standard","hentry","category-nyheter"],"_links":{"self":[{"href":"https:\/\/arbetarkultur.se\/index.php?rest_route=\/wp\/v2\/posts\/345","targetHints":{"allow":["GET"]}}],"collection":[{"href":"https:\/\/arbetarkultur.se\/index.php?rest_route=\/wp\/v2\/posts"}],"about":[{"href":"https:\/\/arbetarkultur.se\/index.php?rest_route=\/wp\/v2\/types\/post"}],"author":[{"embeddable":true,"href":"https:\/\/arbetarkultur.se\/index.php?rest_route=\/wp\/v2\/users\/1"}],"replies":[{"embeddable":true,"href":"https:\/\/arbetarkultur.se\/index.php?rest_route=%2Fwp%2Fv2%2Fcomments&post=345"}],"version-history":[{"count":2,"href":"https:\/\/arbetarkultur.se\/index.php?rest_route=\/wp\/v2\/posts\/345\/revisions"}],"predecessor-version":[{"id":353,"href":"https:\/\/arbetarkultur.se\/index.php?rest_route=\/wp\/v2\/posts\/345\/revisions\/353"}],"wp:attachment":[{"href":"https:\/\/arbetarkultur.se\/index.php?rest_route=%2Fwp%2Fv2%2Fmedia&parent=345"}],"wp:term":[{"taxonomy":"category","embeddable":true,"href":"https:\/\/arbetarkultur.se\/index.php?rest_route=%2Fwp%2Fv2%2Fcategories&post=345"},{"taxonomy":"post_tag","embeddable":true,"href":"https:\/\/arbetarkultur.se\/index.php?rest_route=%2Fwp%2Fv2%2Ftags&post=345"}],"curies":[{"name":"wp","href":"https:\/\/api.w.org\/{rel}","templated":true}]}}