{"id":347,"date":"2017-04-26T08:03:37","date_gmt":"2017-04-26T08:03:37","guid":{"rendered":"http:\/\/arbetarkultur.se\/?p=347"},"modified":"2017-04-26T08:11:07","modified_gmt":"2017-04-26T08:11:07","slug":"nils-ferlin-och-per-anders-fogelstrom-2","status":"publish","type":"post","link":"https:\/\/arbetarkultur.se\/?p=347","title":{"rendered":"Nils Ferlin och Per Anders Fogelstr\u00f6m"},"content":{"rendered":"<p>Tv\u00e5 f\u00f6rfattare med olika karakt\u00e4r och inriktning, men det finns ber\u00f6ringspunkter mellan dem. B\u00e5da var ocks\u00e5 &#8211; fast p\u00e5 olika s\u00e4tt &#8211; f\u00f6rankrade i ett f\u00f6rflutet Stockholm.\u00a0 Tor Englund, ordf\u00f6rande i Nils Ferlin s\u00e4llskapet och\u00a0 Karl-Olof Andersson,, f\u00f6rfattare till biografin Per Anders Fogelstr\u00f6m, Ett liv f\u00f6r litteraturen, freden och milj\u00f6n, samtalar om de b\u00e5da f\u00f6rfattarna.<\/p>\n<p>Torsdag 4 maj kl 18.00<\/p>\n<p>ABF-huset, Sveav\u00e4gen 41, Stockholm<\/p>\n<p>Entr\u00e9 80 kr \/ 60 kr f\u00f6r pension\u00e4rer, studenter och arbetss\u00f6kande<\/p>\n<p>Arrangeras av ABF, AKS och Arbetarr\u00f6relsens arkiv och bibliotek<\/p>\n","protected":false},"excerpt":{"rendered":"<p>Tv\u00e5 f\u00f6rfattare med olika karakt\u00e4r och inriktning, men det finns ber\u00f6ringspunkter mellan dem. B\u00e5da var ocks\u00e5 &#8211; fast p\u00e5 olika s\u00e4tt &#8211; f\u00f6rankrade i&#8230;<\/p>\n","protected":false},"author":1,"featured_media":0,"comment_status":"open","ping_status":"open","sticky":false,"template":"","format":"standard","meta":{"footnotes":""},"categories":[1],"tags":[],"class_list":["post-347","post","type-post","status-publish","format-standard","hentry","category-nyheter"],"_links":{"self":[{"href":"https:\/\/arbetarkultur.se\/index.php?rest_route=\/wp\/v2\/posts\/347","targetHints":{"allow":["GET"]}}],"collection":[{"href":"https:\/\/arbetarkultur.se\/index.php?rest_route=\/wp\/v2\/posts"}],"about":[{"href":"https:\/\/arbetarkultur.se\/index.php?rest_route=\/wp\/v2\/types\/post"}],"author":[{"embeddable":true,"href":"https:\/\/arbetarkultur.se\/index.php?rest_route=\/wp\/v2\/users\/1"}],"replies":[{"embeddable":true,"href":"https:\/\/arbetarkultur.se\/index.php?rest_route=%2Fwp%2Fv2%2Fcomments&post=347"}],"version-history":[{"count":2,"href":"https:\/\/arbetarkultur.se\/index.php?rest_route=\/wp\/v2\/posts\/347\/revisions"}],"predecessor-version":[{"id":354,"href":"https:\/\/arbetarkultur.se\/index.php?rest_route=\/wp\/v2\/posts\/347\/revisions\/354"}],"wp:attachment":[{"href":"https:\/\/arbetarkultur.se\/index.php?rest_route=%2Fwp%2Fv2%2Fmedia&parent=347"}],"wp:term":[{"taxonomy":"category","embeddable":true,"href":"https:\/\/arbetarkultur.se\/index.php?rest_route=%2Fwp%2Fv2%2Fcategories&post=347"},{"taxonomy":"post_tag","embeddable":true,"href":"https:\/\/arbetarkultur.se\/index.php?rest_route=%2Fwp%2Fv2%2Ftags&post=347"}],"curies":[{"name":"wp","href":"https:\/\/api.w.org\/{rel}","templated":true}]}}