{"id":355,"date":"2017-04-26T08:14:25","date_gmt":"2017-04-26T08:14:25","guid":{"rendered":"http:\/\/arbetarkultur.se\/?p=355"},"modified":"2017-04-26T08:14:25","modified_gmt":"2017-04-26T08:14:25","slug":"martin-andersen-nexo-och-svensk-arbetarlitteratur-2","status":"publish","type":"post","link":"https:\/\/arbetarkultur.se\/?p=355","title":{"rendered":"Martin Andersen Nex\u00f6 och svensk arbetarlitteratur"},"content":{"rendered":"<p>Per&#8211;Olof Mattson om f\u00f6rfattaren till Pelle Er\u00f6vraren och Ditte m\u00e4nniskobarn.<\/p>\n<p>Onsdag 10 maj kl. 18.00<\/p>\n<p>ABF-huset, Sveav\u00e4gen 41, Stockholm<\/p>\n<p>Fri entr\u00e9<\/p>\n<p>Arrangeras av ABF, AKS och Arbetarr\u00f6relsens arkiv och bibliotek<\/p>\n","protected":false},"excerpt":{"rendered":"<p>Per&#8211;Olof Mattson om f\u00f6rfattaren till Pelle Er\u00f6vraren och Ditte m\u00e4nniskobarn. Onsdag 10 maj kl. 18.00 ABF-huset, Sveav\u00e4gen 41, Stockholm Fri entr\u00e9 Arrangeras av ABF,&#8230;<\/p>\n","protected":false},"author":1,"featured_media":0,"comment_status":"open","ping_status":"open","sticky":false,"template":"","format":"standard","meta":{"footnotes":""},"categories":[1],"tags":[],"class_list":["post-355","post","type-post","status-publish","format-standard","hentry","category-nyheter"],"_links":{"self":[{"href":"https:\/\/arbetarkultur.se\/index.php?rest_route=\/wp\/v2\/posts\/355","targetHints":{"allow":["GET"]}}],"collection":[{"href":"https:\/\/arbetarkultur.se\/index.php?rest_route=\/wp\/v2\/posts"}],"about":[{"href":"https:\/\/arbetarkultur.se\/index.php?rest_route=\/wp\/v2\/types\/post"}],"author":[{"embeddable":true,"href":"https:\/\/arbetarkultur.se\/index.php?rest_route=\/wp\/v2\/users\/1"}],"replies":[{"embeddable":true,"href":"https:\/\/arbetarkultur.se\/index.php?rest_route=%2Fwp%2Fv2%2Fcomments&post=355"}],"version-history":[{"count":1,"href":"https:\/\/arbetarkultur.se\/index.php?rest_route=\/wp\/v2\/posts\/355\/revisions"}],"predecessor-version":[{"id":356,"href":"https:\/\/arbetarkultur.se\/index.php?rest_route=\/wp\/v2\/posts\/355\/revisions\/356"}],"wp:attachment":[{"href":"https:\/\/arbetarkultur.se\/index.php?rest_route=%2Fwp%2Fv2%2Fmedia&parent=355"}],"wp:term":[{"taxonomy":"category","embeddable":true,"href":"https:\/\/arbetarkultur.se\/index.php?rest_route=%2Fwp%2Fv2%2Fcategories&post=355"},{"taxonomy":"post_tag","embeddable":true,"href":"https:\/\/arbetarkultur.se\/index.php?rest_route=%2Fwp%2Fv2%2Ftags&post=355"}],"curies":[{"name":"wp","href":"https:\/\/api.w.org\/{rel}","templated":true}]}}