{"id":371,"date":"2017-08-30T07:34:18","date_gmt":"2017-08-30T07:34:18","guid":{"rendered":"http:\/\/arbetarkultur.se\/?p=371"},"modified":"2017-08-30T07:34:18","modified_gmt":"2017-08-30T07:34:18","slug":"kata-dalstrom-agitatorn-som-gick-sin-egen-vag","status":"publish","type":"post","link":"https:\/\/arbetarkultur.se\/?p=371","title":{"rendered":"Kata Dalstr\u00f6m &#8211; agitatorn som gick sin egen v\u00e4g"},"content":{"rendered":"<p>1894 g\u00f6r Kata Dalstr\u00f6m skandal. Hon \u00e4r trettiosex \u00e5r, uppvuxen i en f\u00f6rm\u00f6gen familj och gift med en konservativ man \u2013 \u00e4nd\u00e5 blir hon socialdemokrat! N\u00e5gra \u00e5r senare v\u00e4ljs hon som f\u00f6rsta kvinna in i partiledningen och snart betraktas hon som en av den tidiga kvinno- och arbetarr\u00f6relsens fr\u00e4msta agitatorer.<\/p>\n<p>Katas brinnande engagemang g\u00f6r henne till en stridbar frontfigur under demokratins genombrottstid. Hon hamnar i opposition med Hjalmar Branting och partiledningen men \u00e4r \u00e4lskad och beundrad av arbetarna \u2013 m\u00e4n och kvinnor \u2013 ute i landet, d\u00e4r hon ses som en levande legend.\u00a0 Privatlivet \u00e4r lika stormigt som det politiska. Hennes \u00e4ktenskap \u00e4r turbulent, hon f\u00f6der sju barn, blir spiritist och buddhist och har flera k\u00e4rleksaff\u00e4rer.<\/p>\n<p>F\u00f6rfattaren och historikern <em>Gunnela Bj\u00f6rk<\/em> f\u00e5ngar ett extraordin\u00e4rt levnads\u00f6de i Sveriges moderna historia. Hennes biografi om Kata Dalstr\u00f6m skildrar en f\u00e4rgstark m\u00e4nniska som gick sin egen v\u00e4g.<\/p>\n<p>Torsdag\u00a0 7 september\u00a0 KL 18.00<\/p>\n<p>ABF-huset, Sveav\u00e4gen 41, Stockholm<\/p>\n<p>Entr\u00e9 80 kronor<\/p>\n<p>NYA RUTINER F\u00d6R BILJETTF\u00d6RS\u00c4LJNING:\u00a0 S\u00e4kra din biljett p\u00e5 www.billetto.se eller k\u00f6p p\u00e5 plats i ABF-husets Information fram till 30 minuter innan start. Eventuella restbiljetter s\u00e4ljs utanf\u00f6r salen.<\/p>\n<p>Arrangeras av ABF, AKS och Arbetarr\u00f6relsens arkiv och bibliotek.<\/p>\n","protected":false},"excerpt":{"rendered":"<p>1894 g\u00f6r Kata Dalstr\u00f6m skandal. Hon \u00e4r trettiosex \u00e5r, uppvuxen i en f\u00f6rm\u00f6gen familj och gift med en konservativ man \u2013 \u00e4nd\u00e5 blir hon&#8230;<\/p>\n","protected":false},"author":1,"featured_media":0,"comment_status":"open","ping_status":"open","sticky":false,"template":"","format":"standard","meta":{"footnotes":""},"categories":[1],"tags":[],"class_list":["post-371","post","type-post","status-publish","format-standard","hentry","category-nyheter"],"_links":{"self":[{"href":"https:\/\/arbetarkultur.se\/index.php?rest_route=\/wp\/v2\/posts\/371","targetHints":{"allow":["GET"]}}],"collection":[{"href":"https:\/\/arbetarkultur.se\/index.php?rest_route=\/wp\/v2\/posts"}],"about":[{"href":"https:\/\/arbetarkultur.se\/index.php?rest_route=\/wp\/v2\/types\/post"}],"author":[{"embeddable":true,"href":"https:\/\/arbetarkultur.se\/index.php?rest_route=\/wp\/v2\/users\/1"}],"replies":[{"embeddable":true,"href":"https:\/\/arbetarkultur.se\/index.php?rest_route=%2Fwp%2Fv2%2Fcomments&post=371"}],"version-history":[{"count":2,"href":"https:\/\/arbetarkultur.se\/index.php?rest_route=\/wp\/v2\/posts\/371\/revisions"}],"predecessor-version":[{"id":373,"href":"https:\/\/arbetarkultur.se\/index.php?rest_route=\/wp\/v2\/posts\/371\/revisions\/373"}],"wp:attachment":[{"href":"https:\/\/arbetarkultur.se\/index.php?rest_route=%2Fwp%2Fv2%2Fmedia&parent=371"}],"wp:term":[{"taxonomy":"category","embeddable":true,"href":"https:\/\/arbetarkultur.se\/index.php?rest_route=%2Fwp%2Fv2%2Fcategories&post=371"},{"taxonomy":"post_tag","embeddable":true,"href":"https:\/\/arbetarkultur.se\/index.php?rest_route=%2Fwp%2Fv2%2Ftags&post=371"}],"curies":[{"name":"wp","href":"https:\/\/api.w.org\/{rel}","templated":true}]}}