{"id":403,"date":"2017-09-25T15:57:25","date_gmt":"2017-09-25T15:57:25","guid":{"rendered":"http:\/\/arbetarkultur.se\/?p=403"},"modified":"2017-09-25T15:57:25","modified_gmt":"2017-09-25T15:57:25","slug":"drommar-om-demokrati-da-och-nu-aks-hostmote","status":"publish","type":"post","link":"https:\/\/arbetarkultur.se\/?p=403","title":{"rendered":"Dr\u00f6mmar om demokrati &#8211; d\u00e5 och nu.  AKS h\u00f6stm\u00f6te"},"content":{"rendered":"<p>Ett samtal utifr\u00e5n AKS medlemsbok &#8221;D\u00e5 var det 1917 mellan historikerna <em>Lars Ekdahl <\/em>och <em>Kjell \u00d6stberg <\/em>under ledning av <em>Anne-Marie Lindgren,<\/em><\/p>\n<p>Tisdag 21 november<\/p>\n<p>kl.18.30<\/p>\n<p>ABF-huset, Sveav\u00e4gen 41, Stockholm<\/p>\n<p>Fri entr\u00e9.<\/p>\n<p>Arrangeras av ABF, AKS och Arbetarr\u00f6relsens arkiv och bibliotek<\/p>\n","protected":false},"excerpt":{"rendered":"<p>Ett samtal utifr\u00e5n AKS medlemsbok &#8221;D\u00e5 var det 1917 mellan historikerna Lars Ekdahl och Kjell \u00d6stberg under ledning av Anne-Marie Lindgren, Tisdag 21 november&#8230;<\/p>\n","protected":false},"author":1,"featured_media":0,"comment_status":"open","ping_status":"open","sticky":false,"template":"","format":"standard","meta":{"footnotes":""},"categories":[10,9],"tags":[],"class_list":["post-403","post","type-post","status-publish","format-standard","hentry","category-medlemsinformation","category-seminarier-och-moten"],"_links":{"self":[{"href":"https:\/\/arbetarkultur.se\/index.php?rest_route=\/wp\/v2\/posts\/403","targetHints":{"allow":["GET"]}}],"collection":[{"href":"https:\/\/arbetarkultur.se\/index.php?rest_route=\/wp\/v2\/posts"}],"about":[{"href":"https:\/\/arbetarkultur.se\/index.php?rest_route=\/wp\/v2\/types\/post"}],"author":[{"embeddable":true,"href":"https:\/\/arbetarkultur.se\/index.php?rest_route=\/wp\/v2\/users\/1"}],"replies":[{"embeddable":true,"href":"https:\/\/arbetarkultur.se\/index.php?rest_route=%2Fwp%2Fv2%2Fcomments&post=403"}],"version-history":[{"count":1,"href":"https:\/\/arbetarkultur.se\/index.php?rest_route=\/wp\/v2\/posts\/403\/revisions"}],"predecessor-version":[{"id":404,"href":"https:\/\/arbetarkultur.se\/index.php?rest_route=\/wp\/v2\/posts\/403\/revisions\/404"}],"wp:attachment":[{"href":"https:\/\/arbetarkultur.se\/index.php?rest_route=%2Fwp%2Fv2%2Fmedia&parent=403"}],"wp:term":[{"taxonomy":"category","embeddable":true,"href":"https:\/\/arbetarkultur.se\/index.php?rest_route=%2Fwp%2Fv2%2Fcategories&post=403"},{"taxonomy":"post_tag","embeddable":true,"href":"https:\/\/arbetarkultur.se\/index.php?rest_route=%2Fwp%2Fv2%2Ftags&post=403"}],"curies":[{"name":"wp","href":"https:\/\/api.w.org\/{rel}","templated":true}]}}