{"id":412,"date":"2017-12-20T09:00:24","date_gmt":"2017-12-20T09:00:24","guid":{"rendered":"http:\/\/arbetarkultur.se\/?p=412"},"modified":"2017-12-20T09:09:30","modified_gmt":"2017-12-20T09:09:30","slug":"verksamheten-2016","status":"publish","type":"post","link":"https:\/\/arbetarkultur.se\/?p=412","title":{"rendered":"Verksamheten 2016"},"content":{"rendered":"<p><strong>Verksamhetsber\u00e4ttelse f\u00f6r \u00e5r 2016<\/strong><\/p>\n<p>&nbsp;<\/p>\n<p><strong>\u00a0<\/strong><\/p>\n<p><strong>Medlemmar<\/strong><\/p>\n<p>Antalet medlemmar vid \u00e5rets utg\u00e5ng var 801, en minskning sen f\u00f6rra \u00e5ret med 26. Medlemmarna \u00e4r f\u00f6rdelade p\u00e5:<\/p>\n<h5><strong>\u00a0<\/strong><\/h5>\n<h5>742\u00a0\u00a0\u00a0\u00a0\u00a0\u00a0\u00a0\u00a0\u00a0\u00a0\u00a0\u00a0\u00a0\u00a0\u00a0 enskilda medlemmar<\/h5>\n<h5>42\u00a0\u00a0\u00a0\u00a0\u00a0\u00a0\u00a0\u00a0\u00a0\u00a0\u00a0\u00a0\u00a0\u00a0\u00a0\u00a0\u00a0 lokala klubbar, regionala organisationer och avdelningar<\/h5>\n<p>17\u00a0\u00a0\u00a0\u00a0\u00a0\u00a0\u00a0\u00a0\u00a0\u00a0\u00a0\u00a0\u00a0\u00a0\u00a0\u00a0\u00a0 riksorganisationer<\/p>\n<p>&nbsp;<\/p>\n<h3><strong>\u00a0<\/strong><\/h3>\n<p><strong>Styrelsen\u00a0\u00a0\u00a0\u00a0\u00a0\u00a0\u00a0\u00a0\u00a0\u00a0\u00a0\u00a0\u00a0\u00a0\u00a0\u00a0\u00a0\u00a0\u00a0\u00a0\u00a0\u00a0\u00a0\u00a0\u00a0\u00a0\u00a0\u00a0\u00a0\u00a0\u00a0\u00a0\u00a0\u00a0\u00a0\u00a0\u00a0\u00a0\u00a0\u00a0\u00a0\u00a0\u00a0\u00a0\u00a0\u00a0\u00a0\u00a0\u00a0\u00a0\u00a0\u00a0\u00a0\u00a0\u00a0\u00a0\u00a0\u00a0\u00a0\u00a0\u00a0\u00a0\u00a0\u00a0\u00a0\u00a0\u00a0 <\/strong><\/p>\n<p>Kjersti Bosdotter\u00a0\u00a0\u00a0\u00a0\u00a0 \u00a0\u00a0\u00a0\u00a0\u00a0\u00a0\u00a0\u00a0\u00a0\u00a0 ordf\u00f6rande\u00a0\u00a0\u00a0 \u00a0\u00a0\u00a0\u00a0\u00a0\u00a0\u00a0\u00a0\u00a0\u00a0\u00a0\u00a0 (mandattid utg\u00e5r 2017)<\/p>\n<p>Anne-Marie Lindgren\u00a0\u00a0\u00a0\u00a0\u00a0\u00a0\u00a0\u00a0 vice ordf\u00f6rande\u00a0\u00a0\u00a0\u00a0\u00a0\u00a0\u00a0\u00a0 (mandattid utg\u00e5r 2017)<\/p>\n<p>Jonny Jakobsson\u00a0\u00a0\u00a0\u00a0\u00a0\u00a0\u00a0\u00a0\u00a0 \u00a0\u00a0\u00a0\u00a0\u00a0\u00a0\u00a0 skattm\u00e4stare \u00a0\u00a0\u00a0\u00a0\u00a0\u00a0\u00a0\u00a0\u00a0\u00a0\u00a0\u00a0 (mandattid utg\u00e5r 2018)<\/p>\n<p>Lars Ekdahl\u00a0\u00a0\u00a0\u00a0\u00a0\u00a0\u00a0\u00a0\u00a0\u00a0\u00a0\u00a0\u00a0 \u00a0\u00a0\u00a0\u00a0\u00a0\u00a0\u00a0\u00a0\u00a0\u00a0 ledamot\u00a0\u00a0\u00a0\u00a0\u00a0\u00a0\u00a0\u00a0\u00a0\u00a0 \u00a0\u00a0\u00a0\u00a0\u00a0\u00a0\u00a0\u00a0\u00a0\u00a0\u00a0(mandattid utg\u00e5r 2017)<\/p>\n<p>Bo Tengberg\u00a0\u00a0\u00a0\u00a0\u00a0\u00a0\u00a0\u00a0\u00a0\u00a0\u00a0\u00a0 \u00a0\u00a0\u00a0\u00a0\u00a0\u00a0\u00a0\u00a0\u00a0 sekreterare\u00a0\u00a0 \u00a0\u00a0\u00a0\u00a0\u00a0\u00a0\u00a0\u00a0\u00a0\u00a0\u00a0\u00a0 (mandattid utg\u00e5r 2018)<\/p>\n<p>Lotta Durg\u00e9\u00a0\u00a0 \u00a0\u00a0\u00a0\u00a0\u00a0\u00a0\u00a0\u00a0\u00a0\u00a0 \u00a0\u00a0\u00a0\u00a0\u00a0\u00a0\u00a0\u00a0\u00a0\u00a0 ledamot\u00a0\u00a0\u00a0\u00a0\u00a0\u00a0\u00a0 \u00a0\u00a0\u00a0\u00a0\u00a0\u00a0\u00a0\u00a0\u00a0\u00a0\u00a0\u00a0 (mandattid utg\u00e5r 2018)<\/p>\n<p>Dan Nyberg\u00a0\u00a0\u00a0\u00a0\u00a0\u00a0\u00a0\u00a0\u00a0\u00a0\u00a0\u00a0\u00a0\u00a0 \u00a0\u00a0\u00a0\u00a0\u00a0\u00a0\u00a0\u00a0 ledamot\u00a0\u00a0\u00a0\u00a0\u00a0\u00a0\u00a0 \u00a0\u00a0\u00a0\u00a0\u00a0\u00a0\u00a0\u00a0\u00a0\u00a0\u00a0\u00a0 (mandattid utg\u00e5r 2018)<\/p>\n<p>G\u00f6ran Eriksson\u00a0\u00a0\u00a0\u00a0\u00a0\u00a0\u00a0\u00a0\u00a0 \u00a0\u00a0\u00a0\u00a0\u00a0\u00a0\u00a0\u00a0 ledamot\u00a0\u00a0\u00a0\u00a0\u00a0\u00a0\u00a0 \u00a0\u00a0\u00a0\u00a0\u00a0\u00a0\u00a0\u00a0\u00a0\u00a0\u00a0\u00a0 (mandattid utg\u00e5r 2018)<\/p>\n<p>Malin Klingzell-Brulin\u00a0\u00a0\u00a0\u00a0\u00a0\u00a0\u00a0\u00a0 ledamot\u00a0\u00a0\u00a0\u00a0\u00a0\u00a0\u00a0\u00a0\u00a0\u00a0\u00a0\u00a0\u00a0\u00a0\u00a0\u00a0\u00a0\u00a0\u00a0\u00a0\u00a0 (mandattid utg\u00e5r 2018)<\/p>\n<p>Bjarne Isacson\u00a0\u00a0\u00a0\u00a0\u00a0\u00a0\u00a0\u00a0\u00a0\u00a0 \u00a0\u00a0\u00a0\u00a0\u00a0\u00a0\u00a0\u00a0 suppleant\u00a0\u00a0\u00a0\u00a0\u00a0 \u00a0\u00a0\u00a0\u00a0\u00a0\u00a0\u00a0\u00a0\u00a0\u00a0\u00a0\u00a0 (mandattid utg\u00e5r 2017)<\/p>\n<p>Heli K\u00e4rkk\u00e4inen\u00a0\u00a0\u00a0\u00a0\u00a0\u00a0\u00a0\u00a0\u00a0\u00a0\u00a0\u00a0\u00a0\u00a0\u00a0\u00a0\u00a0 suppleant\u00a0\u00a0\u00a0\u00a0\u00a0 \u00a0 \u00a0\u00a0\u00a0\u00a0\u00a0\u00a0\u00a0\u00a0\u00a0\u00a0\u00a0(mandattid utg\u00e5r 2018)<\/p>\n<p>Nina Sj\u00f6berg\u00a0\u00a0\u00a0\u00a0 \u00a0\u00a0\u00a0\u00a0\u00a0\u00a0\u00a0\u00a0\u00a0\u00a0\u00a0\u00a0\u00a0\u00a0\u00a0\u00a0\u00a0 suppleant\u00a0\u00a0\u00a0\u00a0\u00a0 \u00a0\u00a0\u00a0\u00a0\u00a0\u00a0\u00a0\u00a0\u00a0\u00a0\u00a0\u00a0 (mandattid utg\u00e5r 2018)<\/p>\n<p>G\u00f6ran Nilsson\u00a0\u00a0\u00a0\u00a0\u00a0\u00a0\u00a0\u00a0\u00a0\u00a0\u00a0\u00a0\u00a0\u00a0\u00a0\u00a0\u00a0\u00a0\u00a0\u00a0 suppleant\u00a0\u00a0\u00a0\u00a0\u00a0 \u00a0\u00a0\u00a0\u00a0\u00a0\u00a0\u00a0\u00a0\u00a0\u00a0\u00a0\u00a0 (mandattid utg\u00e5r 2017)<\/p>\n<p><strong>\u00a0<\/strong><\/p>\n<p><strong>Revisorer<\/strong><\/p>\n<p>Eva Jacobsson och Bj\u00f6rn Andersson ordinarie med Kenneth Nilsson som ers\u00e4ttare.<\/p>\n<p><strong>\u00a0<\/strong><\/p>\n<p><strong>Valberedning<\/strong><\/p>\n<p>Tore Lidbom sammankallande och Jan Aspefjord.<\/p>\n<p>&nbsp;<\/p>\n<p><strong>Styrelsesammantr\u00e4den<\/strong><\/p>\n<p>Styrelsen har genomf\u00f6rt 9 protokollf\u00f6rda m\u00f6ten:<\/p>\n<p>12 januari, 18 februari, 16 mars, 6 april, 15 juni, 23 augusti, 20 september,<\/p>\n<p>25 oktober, 29 november.<\/p>\n<p><strong>\u00a0<\/strong><\/p>\n<p><strong>M\u00f6tesverksamhet<\/strong><\/p>\n<p><strong>\u00c5rsm\u00f6te<\/strong><\/p>\n<p>Den 6 april genomf\u00f6rdes S\u00e4llskapets \u00e5rsm\u00f6te i ABF-huset i Stockholm. Peter Persson ledde \u00e5rsm\u00f6tet som samlade cirka 90 medlemmar.<\/p>\n<p>&nbsp;<\/p>\n<h1>Detta \u00e5r \u00e4r det 90 \u00e5r sedan Arbetarnas Kulturhistoriska S\u00e4llskap bildades med uppgift \u201datt bevara och sprida k\u00e4nnedom om material som kan belysa arbetarr\u00f6relsens utveckling fr\u00e5n historiska och kulturhistoriska utg\u00e5ngspunkter liksom r\u00f6relsens roll i det svenska samh\u00e4llets f\u00f6r\u00e4ndring. I uppgiften ing\u00e5r ocks\u00e5, att ge kunskaper om arbetarklassens liv och levnadsvillkor.\u201d<\/h1>\n<p>F\u00f6r att uppm\u00e4rksamma detta var temat f\u00f6r \u00e5rsm\u00f6tesseminariet:<\/p>\n<p>&nbsp;<\/p>\n<p><strong>Fr\u00e5n Branting till Stefan L\u00f6fven \u2013 \u00e4r arbetarr\u00f6relsens historia v\u00e4rd att minnas?<\/strong><\/p>\n<p><strong>Anne-Marie Lindgren samtalar med Stellan Andersson, Lars Ekdahl och Yvonne Hirdman<\/strong><\/p>\n<p>&nbsp;<\/p>\n<p><strong>H\u00f6stm\u00f6te<\/strong><\/p>\n<p>Torsdagen den 3 november var det h\u00f6stm\u00f6te i Arbetarnas Kulturhistoriska S\u00e4llskap p\u00e5 ABF-huset i Stockholm. M\u00f6tet fastst\u00e4llde budget och besl\u00f6t att medlemsavgiften f\u00f6r \u00e5r 2017 ska vara of\u00f6r\u00e4ndrad:<\/p>\n<p><em>Enskilda medlemmar och lokala klubbar 150 kr<\/em><\/p>\n<p><em>Regionala organisationer och avdelningar 400 kr<\/em><\/p>\n<p><em>Riksorganisationer 800 kr<\/em><\/p>\n<p><em>\u00a0<\/em>P\u00e5 seminariet i anslutning till h\u00f6stm\u00f6tet talade GUNNELA BJ\u00d6RK om KATA DALSTR\u00d6M \u2013 sjubarnsmamma, socialdemokrat, kommunist och buddist. Seminariet samlade 100 deltagare.<\/p>\n<p><strong>\u00a0<\/strong><strong>Bokkommitt\u00e9n<\/strong><\/p>\n<p>Bokkommitt\u00e9n har under \u00e5ret best\u00e5tt av Kjersti Bosdotter, Lars Ekdahl och Anne-Marie Lindgren.<\/p>\n<p><strong>\u00c5rsboken\u00a0<\/strong><\/p>\n<p><strong><em>N\u00e4r gatan tog mediemakt<\/em><\/strong><\/p>\n<p>\u2013 2016 \u00e5rs medlemsbok med unika bilder fr\u00e5n Paris-kommunen, ett kort men viktigt skede i Frankrikes historia. D\u00e5 utvecklades det politiska flygbladet med kraft och frenesi. Det ersatte tidningarna och kommen-terade satiriskt och ibland grovt den politiska utveck-lingen, det korrupta hovet, bel\u00e4gringen av Paris och, efter den 18 mars 1871, Pariskommunens korta existens. <strong>Jan Myrdal, Jan af Bur\u00e9n, Hans Larsson<\/strong><\/p>\n<p><strong>Minnesm\u00e4rkeskommitt\u00e9n<\/strong><\/p>\n<p>Under h\u00f6sten 2015 tillsatte styrelsen en Minnesm\u00e4rkeskommitt\u00e9 vars uppgift det \u00e4r att arbeta fram en plan f\u00f6r att synligg\u00f6ra arbetarnas och arbetarr\u00f6relsens historia i det offentliga rummet i Stockholm och Stockholms l\u00e4n. Ordf\u00f6rande i kommitt\u00e9n \u00e4r Bjarne Isacson och \u00f6vriga ledam\u00f6ter \u00e4r Kjersti Bosdotter och Anne-Marie Lindgren fr\u00e5n AKS styrelse tillsammans med Kristoffer Hernb\u00e4ck, LO-distriktet och Conny Fogelstr\u00f6m verksam i Stockholms l\u00e4n.<\/p>\n<p>&nbsp;<\/p>\n<p>Under v\u00e5ren 2016 arbetade kommitt\u00e9n fram en ans\u00f6kan om kultur- och utveck-lingsst\u00f6d fr\u00e5n Stockholms stad f\u00f6r medel till sex minnesm\u00e4rken i Stockholm. Ans\u00f6kan avslogs varf\u00f6r kommitt\u00e9n gjorde en f\u00f6rnyad ans\u00f6kan till Danelii-stiftelsen i Stockholm som i december beviljade 180\u00a0000 kronor f\u00f6r minnes-m\u00e4rken att s\u00e4ttas upp under 2017.<\/p>\n<p>&nbsp;<\/p>\n<p>Ans\u00f6kan g\u00e4ller f\u00f6ljande minnesm\u00e4rken:<\/p>\n<p><strong>Gertrud M\u00e5nsson och Agda \u00d6stlund p\u00e5 Upplandsgatan 41-43 <\/strong><\/p>\n<p>Gertrud M\u00e5nsson (1866-1934) invaldes 1910 som f\u00f6rsta kvinna i Stockholms stadsfullm\u00e4ktige, som hon tillh\u00f6rde i tv\u00e5 omg\u00e5ngar, 1910-1915 och 1919-1934.<\/p>\n<p>Hon var i flera omg\u00e5ngar ordf\u00f6rande i Stockholms Allm\u00e4nna Kvinnoklubb, drivan-de i organisationsarbetet, ingick i ledningen f\u00f6r Kvinnokonferensen.<\/p>\n<p>Agda \u00d6stlund (1870-1942) arbetade som s\u00f6mmerska och kom till Stockholm fr\u00e5n K\u00f6ping 1897. Hon var ordf\u00f6rande i Allm\u00e4nna Kvinnoklubben 1904-1905, ingick i ledningen f\u00f6r Kvinnokonferensen fr\u00e5n 1908. Vid det f\u00f6rsta riksdagsvalet med kvinnlig r\u00f6str\u00e4tt, h\u00f6sten 1920, invaldes hon som en av de fyra f\u00f6rsta kvinnorna i andra kammaren.<\/p>\n<p>&nbsp;<\/p>\n<p><strong>Elin och Charles Lindley<\/strong><\/p>\n<p>(1873-1940) (1865-1957)<\/p>\n<p>Elin Lindley, gjorde insatser inom det politiska och fackliga agitationsarbetet. Hon var en av initiativtagarna till Hembitr\u00e4desf\u00f6reningen 1904, var ledamot av Stockholms stadsfullm\u00e4ktige 1919-27. Hon var expedit\u00f6r och kass\u00f6r i tidningen Morgonbris, styrelseledamot i Kooperativa syfabriken Linn\u00e9a och Adolf Fredriks fattigv\u00e5rdsstyrelse.<\/p>\n<p>&nbsp;<\/p>\n<p>Charles Lindley var sj\u00f6man och fackf\u00f6reningsman. Han var med och bildade Transportarbetaref\u00f6rbundet 1897 d\u00e4r han under m\u00e5nga \u00e5r var f\u00f6rbundsord-f\u00f6rande, tillh\u00f6rde LOs landssekretariat och Socialdemokratiska partistyrelsen. \u00c5r 1900 gifte sig Elin Jonsson och Charles Lindley. De flyttade in i en tv\u00e5a p\u00e5 <strong>Jakobsbergsgatan<\/strong> d\u00e4r ena rummet blev Transports f\u00f6rbundsexpedition.<\/p>\n<p>&nbsp;<\/p>\n<p><strong>Minnesm\u00e4rke vid Sp\u00e5rv\u00e4gshallarna i anledning av sp\u00e5rv\u00e4gsarbetarnas roll i Storstrejken 1909<\/strong><\/p>\n<p>Syftet \u00e4r att skildra den stora konflikten och dess f\u00f6ljder med sp\u00e5rv\u00e4gsarbetarnas roll i storstrejken 1909. Av de mer \u00e4n 1000 sp\u00e5rv\u00e4gare som gick ut i strejk blev inte ens en tredjedel \u00e5teranst\u00e4llda och ett hundratal valde att emigrera till Amerika efter strejken, d\u00e5 deras m\u00f6jligheter att \u00e5ter f\u00e5 arbete i Sverige var ringa.<\/p>\n<p><strong>\u00a0<\/strong><\/p>\n<p><strong>Bruno Kreisky <\/strong>(1911-1990)<\/p>\n<p>F\u00f6dd och uppvuxen i Wien. Efter det \u00f6sterrikiska inb\u00f6rdeskriget 1934 vistades Kreisky i <a href=\"https:\/\/sv.wikipedia.org\/wiki\/Tjeckoslovakien\">Tjeckoslovakien<\/a>. Vid sin \u00e5terkomst till Wien 1935 greps han och satt i f\u00e4ngelse till 1938. Han levde som politisk flykting i <a href=\"https:\/\/sv.wikipedia.org\/wiki\/Sverige\">Sverige<\/a> 1939\u20131946 d\u00e4r han arbetade f\u00f6r kooperationen. Familjen bodde p\u00e5 <a href=\"https:\/\/sv.wikipedia.org\/wiki\/Blekingegatan\"><strong>Blekingegatan<\/strong><\/a><strong> 57<\/strong>. Fr\u00e5n 1956 satt han i \u00f6sterrikiska parlamentet och var utrikesminister 1959-1966. <a href=\"https:\/\/sv.wikipedia.org\/wiki\/%C3%96sterrikes_f%C3%B6rbundskansler\">\u00d6sterrikes f\u00f6r-bundskansler<\/a> 1970\u20131983.<\/p>\n<p><strong>\u00a0<\/strong><\/p>\n<p><strong>Z\u00e4ta H\u00f6glund<\/strong> (1884-1956)<\/p>\n<p>Uppvuxen i G\u00f6teborg. <a href=\"https:\/\/sv.wikipedia.org\/wiki\/Riksdagsledamot\">Riksdagsledamot<\/a> i <a href=\"https:\/\/sv.wikipedia.org\/wiki\/Andra_kammaren\">andra kammaren<\/a> 1915-1917 och 1929-1940, <a href=\"https:\/\/sv.wikipedia.org\/wiki\/Chefredakt%C3%B6r\">chefredakt\u00f6r<\/a> f\u00f6r <a href=\"https:\/\/sv.wikipedia.org\/wiki\/Social-Demokraten\"><em>Social-Demokraten<\/em><\/a> 1936-1940 samt <a href=\"https:\/\/sv.wikipedia.org\/wiki\/Finansborgarr%C3%A5d\">finansborgarr\u00e5d<\/a> i <a href=\"https:\/\/sv.wikipedia.org\/wiki\/Stockholm\">Stockholm<\/a><u> \u00e5ren<\/u> 1940\u20131950. F\u00e4ngslades i tv\u00e5 omg\u00e5ngar f\u00f6r sin antimilitaristiska h\u00e5llning. Bodde p\u00e5 <strong>Upplandsgatan 2<\/strong>.<\/p>\n<p><strong>\u00a0<\/strong><\/p>\n<p><strong>Stockholms Allm\u00e4nna Kvinnoklubb<\/strong><\/p>\n<p>1892 bildades Allm\u00e4nna kvinnoklubben p\u00e5 Tunnelgatan 12 (Olof Palmes gata). Redan p\u00e5 h\u00f6sten samma \u00e5r hyrde man lokal p\u00e5 <strong>Tunnelgatan 14<\/strong>. Den finansie-rades genom uthyrningar till andra organisationers m\u00f6ten och fester.<\/p>\n<p>&nbsp;<\/p>\n<p><strong>Systrar, kamrater! Kvinnor i arbetarr\u00f6relsen<\/strong><\/p>\n<p>Arbetarnas Kulturhistoriska S\u00e4llskap och Arbetarr\u00f6relsens arkiv och bibliotek fortsatte arbetet med att lyfta fram ok\u00e4nda och k\u00e4nda kvinnor i arbetarr\u00f6relsen genom att producera en v\u00e4ggalmanacka 2017, den femte i ordningen.<\/p>\n<p>&nbsp;<\/p>\n<p>De tolv portr\u00e4tten i almanackan: Angelica Balabanoff, Kvinnliga stuveriarbetare, Na\u00ebmi Tvelin, Lisa Tetzner, Kaj Andersson, Ella Jensen, Grupp 222, Violeta Parra, Ela Bhatt, Gertrud Sigurdsen, Pye Engstr\u00f6m, Jenny Wrangborg.<\/p>\n<p>&nbsp;<\/p>\n<p>Gunnela Bj\u00f6rk, Kjersti Bosdotter, Lotta Durg\u00e9, Malin Klingzell-Brulin, Anne-Marie Lindgren och Lucy Viedma utgjorde redaktionskommitt\u00e9. F\u00f6ljande skribenter medverkade: Gunnela Bj\u00f6rk, Kjersti Bosdotter, Lotta Durg\u00e9, Lars Ekdahl, Martin Grass, Malin Klingzell-Brulin, Anne-Marie Lindgren, Dan Nyberg, Gustav Nyberg, Judith Wassiltschenko och Lucy Viedma.<\/p>\n<p>&nbsp;<\/p>\n<p>V\u00e4ggalmanackan trycktes i 1 300 exemplar.<\/p>\n<p>&nbsp;<\/p>\n<p><strong>Seminarier<\/strong><\/p>\n<p>Som tidigare \u00e5r har en rad seminarier genomf\u00f6rts i samarbete med ABF Stock-holm, Arbetarr\u00f6relsens arkiv och bibliotek och Tidningen Arbetet.<\/p>\n<p>I Eskilstuna har medlemsorganisationen F\u00f6reningen Arbetarhistoria i Eskilstuna i samarbete med ABF S\u00f6rmland anordnat seminarier.<\/p>\n<p>&nbsp;<\/p>\n<p><strong><em>En dag om arbetarlitteratur och invigning av Furulandrummet<\/em><\/strong><\/p>\n<p>L\u00f6rdag 30 januari kl 11.00-16.00 Arbetarr\u00f6relsens arkiv och bibliotek, Huddinge<\/p>\n<p><strong><em>Gunnel Furuland<\/em><\/strong> invigde Furulandrummet. <strong><em>Hans Lagerberg<\/em><\/strong> f\u00f6rel\u00e4ste om arbetarf\u00f6rfattare genom tiderna. Tolv arbetarf\u00f6rfattars\u00e4llskap deltog med bokbord och presentationer.<\/p>\n<p>&nbsp;<\/p>\n<p><strong><em>Tillsammans kan vi g\u00f6ra s\u00e5 mycket<\/em><\/strong><\/p>\n<p><strong><em>Om socialdemokraterna, politiken och det svenska samh\u00e4llet<\/em><\/strong><\/p>\n<p>M\u00e5ndag 1 februari ABF-huset i Stockholm<\/p>\n<p>Samtal mellan <strong><em>Bosse Elmgren <\/em><\/strong><em>och <\/em><strong><em>Anne-Marie Lindgren<\/em><\/strong><strong><em>. <\/em><\/strong><\/p>\n<p>&nbsp;<\/p>\n<p><strong><em>Minnet och elden &#8211;<\/em><\/strong> <strong><em>En politisk memoar med samtida synpunkter<\/em><\/strong><\/p>\n<p>Tisdag 23 februari ABF-huset i Stockholm<\/p>\n<p><strong><em>Pierre Schori<\/em><\/strong> aktiv inom internationell politik i femtio \u00e5r, Olof Palmes n\u00e4ra medarbetare i internationella fr\u00e5gor och en centralgestalt under Sveriges utrikespolitiska storhetstid.<\/p>\n<p>&nbsp;<\/p>\n<p><strong><em>Film: V\u00e5ran Olof<\/em><\/strong><\/p>\n<p>S\u00f6ndag 28 februari Trappan V\u00e4llingby<\/p>\n<p>Dokument\u00e4r av filmarna <strong><em>Jonas Sima<\/em><\/strong> och <strong><em>\u00c5ke \u00c5strand <\/em><\/strong>fr\u00e5n valr\u00f6relsen 1973. Anders Ferm medverkade med kommentarer till filmen och tiden.<\/p>\n<p>&nbsp;<\/p>\n<p><strong><em>Anst\u00f6t, moral och klass \u2013 tre korsande sp\u00e5r i Maria Sandels ber\u00e4ttarkonst<\/em><\/strong><\/p>\n<p>S\u00f6ndag 3 april ABF-huset Stockholm<\/p>\n<p>Litteraturvetaren <strong><em>Beata Agrell<\/em><\/strong> f\u00f6rel\u00e4ste om den tidiga arbetarf\u00f6rfattaren Maria Sandel. Samarbete med Maria Sandels\u00e4llskapet.<\/p>\n<p>&nbsp;<\/p>\n<p><strong><em>Socialismens mytologi &#8211; om den tidiga arbetarr\u00f6relsens stil och estetik<\/em><\/strong><\/p>\n<p>Torsdag 28 april ABF-huset Stockholm<\/p>\n<p><strong><em>Stefan Arvidsson<\/em><\/strong><strong><em>, <\/em><\/strong>religionshistoriker och f\u00f6rfattare till boken <em>Morgonrodnad<\/em>, <strong><em>Enna Gerin<\/em><\/strong> utredare och <strong><em>Lars Ilshammar<\/em><\/strong><strong><em>, <\/em><\/strong>historiker samtalade med <strong><em>Daniel Suhonen<\/em><\/strong> fr\u00e5n id\u00e9institutet Katalys.<\/p>\n<p>&nbsp;<\/p>\n<p><strong><em>AKS 90 \u00e5r \u2013 fr\u00e5n Branting till Stefan L\u00f6fven. \u00c4r arbetarr\u00f6relsens historia v\u00e4rd att minnas?<\/em><\/strong><\/p>\n<p>Onsdag 6 april ABF-huset Stockholm<\/p>\n<p>Stellan Andersson, arkivarie, ekonomhistorikern Lars Ekdahl och historikern Yvonne Hirdman samtalade med Anne-Marie Lindgren.<\/p>\n<p><strong><em>Arbetarnas Stockholm 1880-1920<\/em><\/strong><\/p>\n<p><strong><em>S\u00e5 v\u00e4xte 1 maj-firandet och arbetarr\u00f6relsen fram<\/em><\/strong><\/p>\n<p>Lunchm\u00f6te inf\u00f6r 1 maj ABF-huset Stockholm<\/p>\n<p><strong><em>Anne-Marie Lindgren<\/em><\/strong><strong>, <\/strong>f\u00f6rfattare till boken <em>Arbetarnas Stockholm<\/em>, ber\u00e4ttade.<\/p>\n<p>&nbsp;<\/p>\n<p><strong><em>Sju dagar i maj<\/em><\/strong><\/p>\n<p>Tisdag 3 maj ABF-huset Stockholm<\/p>\n<p>F\u00f6rfattaren <strong><em>Micke Evhammar<\/em><\/strong> presenterade sin roman om arbetarna p\u00e5 en byggarbetsplats och v\u00e5r tids arbetsvillkor d\u00e4r m\u00e5nga f\u00e5r s\u00e4tta livet till varje \u00e5r.<\/p>\n<p>&nbsp;<\/p>\n<p><strong><em>Vad h\u00e4nder d\u00e5 den r\u00f6da himlen f\u00e4rgas svart?<\/em><\/strong><\/p>\n<p>M\u00e5ndag 9 maj ABF-huset Stockholm<\/p>\n<p><strong><em>Rune Struck<\/em><\/strong> presenterade sin nyutkomna bok om pappa Walter och hans kamp mot Hitler, hans krig i Spanien som frivillig mot Franco och hans liv som flykting i Norge och flykten till Sverige den 9 april 1940.<\/p>\n<p>&nbsp;<\/p>\n<p><strong><em>De finska fascisterna <\/em><\/strong><\/p>\n<p>Torsdag 12 maj ABF-huset Stockholm<\/p>\n<p>Ett nyskrivet verk av de tre historikerna <strong><em>Aapo Roselius, Oula Silvennoinen <\/em><\/strong>och <strong><em>Marko Tikka <\/em><\/strong>om fascismen i det finska samh\u00e4llet fr\u00e5n tiden efter inb\u00f6rdeskriget 1918 till slutet av andra v\u00e4rldskriget 1944. Presentation gjordes av Aapo Roselius som ocks\u00e5 ber\u00f6rde dagens Finland med de fascistiska r\u00f6relser och yttringar som finns i samh\u00e4llet.<\/p>\n<p>&nbsp;<\/p>\n<p><strong><em>Eric Hobsbawm and National History<\/em><\/strong><\/p>\n<p>Fredag 20 maj p\u00e5 Arbetarr\u00f6relsens arkiv och bibliotek<\/p>\n<p><strong><em>Stefan Berger<\/em><\/strong><\/p>\n<p>&nbsp;<\/p>\n<p><strong><em>Forskarstafett p\u00e5 Arbetarr\u00f6relsens arkiv och bibliotek<\/em><\/strong><\/p>\n<p><strong>Fredag 27 maj<\/strong><\/p>\n<p><strong><em>Aina Tollefsen<\/em><\/strong> <strong>(Ume\u00e5 Universitet)<\/strong> Migrantarbetare i norra Sveriges b\u00e4rindustri<\/p>\n<p><strong><em>Terese Anving<\/em><\/strong> <strong>(Lunds Universitet)<\/strong> Nannys och au-pairer p\u00e5 Sveriges nya privatiserade barnomsorgsmarknad<\/p>\n<p><strong><em>Klas R\u00f6nnb\u00e4ck<\/em><\/strong> <strong>(G\u00f6teborgs Universitet) <\/strong> Arbete och levnadsstandard i V\u00e4stafrika innan kolonialiseringen<\/p>\n<p><strong><em>\u00a0<\/em><\/strong><\/p>\n<p><strong><em>Arkivens dag \u2013 Tema: V\u00e4lkommen hem<\/em><\/strong><\/p>\n<p>L\u00f6rdag 12 november kl 10.00-15.00, Arbetarr\u00f6relsens arkiv och bibliotek<\/p>\n<p>Varje \u00e5r h\u00e5ller arkiven i de nordiska l\u00e4nderna \u00f6ppet f\u00f6r allm\u00e4nheten p\u00e5 Arkivens dag. Forskarstafett med inbjudna f\u00f6rfattare som presenterade sina arbeten:<\/p>\n<p><strong><em>V\u00e4gen till den moderna familjen<\/em><\/strong><\/p>\n<p><strong><em>Johannes Daun <\/em><\/strong>(G\u00f6teborgs universitet)<\/p>\n<p><strong><em>Historiografiska ber\u00e4ttelser om arbetarhistoria och kvinnohistoria<\/em><\/strong><\/p>\n<p><strong><em>Daniel Nystr\u00f6m<\/em><\/strong> (Ume\u00e5 universitet)<\/p>\n<p><strong><em>Omsorg om barn i de k\u00f6pta barnpassningstj\u00e4nsternas tidevarv: Nannys och au pairer i dagens Sverige<\/em><\/strong><\/p>\n<p><strong><em>Terese Anving<\/em><\/strong> (Lunds universitet)<\/p>\n<p><strong><em>Migrationens kontraster \u2013 <\/em><\/strong><strong><em>Arbetsmarknadsrelationer, Schleswig-Holstein-aktionen och tyskorna vid Algots i Bor\u00e5s under 1950-talet<\/em><\/strong><\/p>\n<p>M\u00e5ndag 3 oktober ABF-huset i Stockholm<\/p>\n<p>Historikern <strong><em>Johan Svanberg<\/em><\/strong> <em>presenterade sin nyutkomna bok<\/em> om de tyska kvin-nor som utvandrade till Sverige efter kriget.<\/p>\n<p><strong><em>\u00a0<\/em><\/strong><\/p>\n<p><strong><em>Dr\u00f6mmen om det r\u00f6da <\/em><\/strong><strong><em>\u2013 Rosa Luxemburg \u2013 Socialism, spr\u00e5k och k\u00e4rlek <\/em><\/strong><\/p>\n<p>Torsdag 6 oktober ABF-huset i Stockholm<\/p>\n<p><strong><em>Nina Bj\u00f6rk<\/em><\/strong> talade om sin nyutkomna bok om Rosa Luxemburg<strong><em>.<\/em><\/strong><\/p>\n<p><strong><em>\u00a0<\/em><\/strong><\/p>\n<p><strong><em>Slavhandel och slaveri under svensk flagg<\/em><\/strong><\/p>\n<p>Fredag 21 oktober p\u00e5 Arbetarr\u00f6relsens arkiv och bibliotek<\/p>\n<p><strong><em>Holger Weiss<\/em><\/strong><\/p>\n<p>&nbsp;<\/p>\n<p><strong><em>Kata Dalstr\u00f6m \u2013 <\/em><\/strong><strong><em>Agitator, socialdemokrat, kommunist och buddist, sjubarnsmamma <\/em><\/strong><\/p>\n<p>Torsdag 3 november ABF-huset i Stockholm<\/p>\n<p><strong><em>Gunnela Bj\u00f6rk<\/em><\/strong><strong><em>, <\/em><\/strong>historiker, ber\u00e4ttade om arbetet med en kommande biografi om Kata Dalstr\u00f6m.<\/p>\n<p>&nbsp;<\/p>\n<p><strong><em>Peter Weiss \u2013 konstn\u00e4r, f\u00f6rfattare, dramatiker<\/em><\/strong><\/p>\n<p>L\u00f6rdag 12 november kl 10.00-16.00 ABF-huset Stockholm<\/p>\n<p>Medverkande: <strong><em>Daniel Werkm\u00e4ster<\/em><\/strong> Uppsala konstmuseum, <strong><em>Ola Holmgren<\/em><\/strong> litte-raturvetare, <strong><em>Gunilla Palmstierna-Weiss <\/em><\/strong>scenograf, <strong><em>Magnus Bergh<\/em><\/strong> f\u00f6rl\u00e4ggare, <strong><em>Birgit Munkhammar<\/em><\/strong> kritiker, <strong><em>Jenny Willner<\/em><\/strong> Weissforskare, <strong><em>Markus Huss<\/em><\/strong> f\u00f6rfat-tare till <em>Motst\u00e5ndets akustik<\/em>, <strong><em>Ulrika Wallenstr\u00f6m<\/em><\/strong> \u00f6vers\u00e4ttare, <strong><em>Mats O. Svensson<\/em><\/strong> f\u00f6rfattare, <strong><em>Daniel Suhonen<\/em><\/strong> f\u00f6rfattare.<\/p>\n<p><strong>SOCIALISTISKT FORUM<\/strong><\/p>\n<p>Arbetarnas Kulturhistoriska S\u00e4llskap tillsammans med Arbetarr\u00f6relsens arkiv och bibliotek och Svenska Spanienfrivilligas V\u00e4nner hade bokbord hela dagen och genomf\u00f6rde tv\u00e5 seminarier:<\/p>\n<p>&nbsp;<\/p>\n<p><strong><em>I sp\u00e5ren efter spanska inb\u00f6rdeskriget \u2013 80 \u00e5r efter\u00e5t<\/em><\/strong><\/p>\n<p>Kampen om historien p\u00e5g\u00e5r f\u00f6r fullt i Spanien \u00e4nnu idag. S\u00e5ngaren och poeten <strong><em>Jan Hammarlund<\/em><\/strong> och ordf\u00f6randen i Svenska Spanienfrivilligas v\u00e4nner <strong><em>Patrik Helgeson<\/em><\/strong> rapporterade fr\u00e5n h\u00f6stens minnesresa till Spanien.<\/p>\n<p><strong><em>\u00a0<\/em><\/strong><\/p>\n<p><strong><em>Folke Olsson<\/em><\/strong> ber\u00e4ttade om socialistiska och fascistiska minnesm\u00e4rken i dagens Spanien och rapporterade fr\u00e5n minnessammankomsten i Kristdala d\u00e4r Olle<\/p>\n<p>Meurling, den f\u00f6rst stupade svensken ih\u00e5gkoms med ett minnesm\u00e4rke.<\/p>\n<p>Samarrangemang med Svenska Spanienfrivilligas V\u00e4nner.<\/p>\n<p><strong><em>Potatisrevolutionen och kvinnoupploppet p\u00e5 S\u00f6dermalm \u2013 en historia om hunger och demokrati<\/em><\/strong><\/p>\n<p><strong><em>H\u00e5kan Blomqvist<\/em><\/strong><strong><em>, <\/em><\/strong>historiker ber\u00e4ttade om de dramatiska h\u00e4ndelserna p\u00e5 S\u00f6der i Stockholm \u00e5r 1917.<\/p>\n<p>&nbsp;<\/p>\n<p><strong><em>Tage Erlander \u2013 Sista dagboken 1969<\/em><\/strong><\/p>\n<p>Tisdag 6 december ABF-huset Stockholm<\/p>\n<p><strong><em>Sven Erlander<\/em><\/strong><strong><em>, <\/em><\/strong><em>som <\/em>har redigerat 17 volymer dagb\u00f6cker fr\u00e5n \u00e5ren 1946-1969, samtalade med <strong><em>Lillemor Erlander<\/em><\/strong><strong><em>.<\/em><\/strong><\/p>\n<p><strong>\u00a0<\/strong><\/p>\n<p><strong><em>Arbetarf\u00f6rfattarna er\u00f6vrar staden \u2013 <\/em><\/strong><strong><em>Fr\u00e5n Maria Sandel till Ivar Lo-Johansson<\/em><\/strong><\/p>\n<p>L\u00f6rdagen 10 december kl 13.00-16.00 ABF-huset Stockholm<\/p>\n<p>Tre forskare ber\u00e4ttade om p\u00e5g\u00e5ende arbeten kring Maria Sandels f\u00f6rfattarskap och den milj\u00f6 hon levde i: <strong><em>Per-Olof Mattsson<\/em><\/strong><strong><em>, <\/em><\/strong><strong><em>Alexandra Borg<\/em><\/strong> och <strong><em>Maria Wahlstr\u00f6m<\/em><\/strong>. I samarbete med Maria Sandels\u00e4llskapet.<\/p>\n<p>&nbsp;<\/p>\n<p>F\u00f6reningen Arbetarhistoria i Eskilstuna genomf\u00f6rde f\u00f6ljande seminarier:<\/p>\n<p><strong><em>Arbetsf\u00f6rh\u00e5llande inom hemtj\u00e4nsten<\/em><\/strong><\/p>\n<p>3 maj Norra Hamn Eskilstuna<\/p>\n<p><strong><em>Annette Th\u00f6rnquist<\/em><\/strong>, historiker.<\/p>\n<p>&nbsp;<\/p>\n<p><strong><em>Samh\u00e4lls- och Systemkritik av den Nyliberala epoken<\/em><\/strong><\/p>\n<p>14 maj Stadshuset i Eskilstuna<\/p>\n<p><strong><em>Torbj\u00f6rn Dalin<\/em><\/strong>, utredare, <strong><em>Christer Persson<\/em><\/strong>, jurist.<\/p>\n<p>&nbsp;<\/p>\n<p><strong><em>Arbetarhistoria och milj\u00f6historia \u2013 En v\u00e4rdefull f\u00f6rening!?<\/em><\/strong><\/p>\n<p>Fredagen den 26 augusti<\/p>\n<p><strong><em>Lars Berggren<\/em><\/strong>, historiker.<\/p>\n<p>&nbsp;<\/p>\n<p><strong><em>Arbetarr\u00f6relsens kultursyn \u2013 existerar den? Kulturradikalism eller anpassning?<\/em><\/strong><\/p>\n<p>Fredagen den 2 september<\/p>\n<p><strong><em>Kjersti Bosdotter<\/em><\/strong><\/p>\n<p>&nbsp;<\/p>\n<p><strong><em>Fristaden i Eskilstuna \u2013 En f\u00f6rkapitalistisk ekonomisk frizon?<\/em><\/strong><\/p>\n<p>Fredagen den 16 september<\/p>\n<p><strong><em>Anna G\u00f6tzlinger<\/em><\/strong>, kommunarkivarie.<\/p>\n<p>&nbsp;<\/p>\n<p><strong><em>Den h\u00f6gindustriella epoken och det goda arbetet \u2013 \u00c4r ett h\u00e5llbart arbetsliv m\u00f6jligt i framtiden?<\/em><\/strong><\/p>\n<p>Fredagen den 23 september<\/p>\n<p><strong><em>Maths Isacson,<\/em><\/strong> ekonom-historiker.<\/p>\n<p>&nbsp;<\/p>\n<p><strong><em>Arbetarhistoriska utmaningar f\u00f6r folkbildningen<\/em><\/strong><\/p>\n<p>Fredagen den 7 oktober<\/p>\n<p><strong><em>Kenneth Abrahamsson,<\/em><\/strong> folkbildningsforskare.<\/p>\n<p><strong><em>Statarnas f\u00f6rfackliga kamp<\/em><\/strong><\/p>\n<p>Fredagen den 14 oktober<\/p>\n<p><strong><em>Gustav Nyberg<\/em><\/strong>, doktorand i historia.<\/p>\n<p>&nbsp;<\/p>\n<p><strong><em>Internationell solidaritet och global arbetarhistoria<\/em><\/strong><\/p>\n<p>Fredagen den 21 oktober<\/p>\n<p><strong><em>Kalle Holmqvist<\/em><\/strong>, arbetarhistoriker och f\u00f6rfattare.<\/p>\n<p>&nbsp;<\/p>\n<p>************************************************************<\/p>\n<p><strong>\u00a0<\/strong><\/p>\n<p><strong>Pionj\u00e4rernas gravar<\/strong><\/p>\n<p><strong>August Palm<\/strong><\/p>\n<p>Arbetarnas Kulturhistoriska S\u00e4llskap har sedan n\u00e5gra \u00e5r tillbaka ansvaret f\u00f6r August Palms grav p\u00e5 Norra begravningsplatsen i Solna. Genom medlemsinsam-lingar har det blivit m\u00f6jligt att iordningsst\u00e4lla graven och stenen som blivit illa medfaren under \u00e5rens lopp. Varje \u00e5r f\u00f6retar S\u00e4llskapet vandringar till Norra be-gravningsplatsen och bes\u00f6ker August Palms grav.<\/p>\n<p><strong>\u00a0<\/strong><\/p>\n<p><strong>Kata Dalstr\u00f6m<\/strong><\/p>\n<p>\u00c5r 2014 \u00f6vertog Arbetarnas Kulturhistoriska S\u00e4llskap ansvaret f\u00f6r Kata Dal-str\u00f6ms grav p\u00e5 Norra begravningsplatsen i Solna. Katas grav ing\u00e5r i S\u00e4llskapets \u00e5rliga vandringar bland pionj\u00e4rgravarna.<\/p>\n<p>&nbsp;<\/p>\n<p><strong>Henrik Menander<\/strong><\/p>\n<p>Arbetarnas Kulturhistoriska S\u00e4llskap har delat ansvar f\u00f6r Henrik Menanders grav p\u00e5 S:t Pauli kyrkog\u00e5rd i Malm\u00f6 med arbetarr\u00f6relsens organisationer i Malm\u00f6.<\/p>\n<p>&nbsp;<\/p>\n<p><strong>I arbetarr\u00f6relsens sp\u00e5r \u2013 vandringar o busstur<\/strong><\/p>\n<p>S\u00e4llskapet har tillsammans med Arbetarr\u00f6relsens arkiv och bibliotek, ABF Stockholm och Tidningen Arbetet genomf\u00f6rt 29 guidade vandringar och tv\u00e5 bussturer med sammanlagt 660 deltagare. \u00c5rets vandringar hade 16 olika teman. En del av vandringarna var utannonserade medan andra var best\u00e4llningsvand-ringar fr\u00e5n fackliga och politiska organisationer men ocks\u00e5 av skolor och f\u00f6re-ningar av olika slag.<\/p>\n<p>&nbsp;<\/p>\n<p>Ciceroner var Ewa Bergdahl, H\u00e5kan Blomqvist, Kjersti Bosdotter, Maria Bos-dotter, G\u00f6ran Eriksson, Lena Kallenberg, Malin Klingzell-Brulin, Anne-Marie Lind-gren, Gustav Nyberg, Maria Nyman-Stj\u00e4rnskog och Bo Tengberg.<\/p>\n<p>&nbsp;<\/p>\n<p><strong>Vandringar l\u00e4ngs Olof Palmes gata<\/strong><\/p>\n<p>9 juni, 30 juni, 7 juli, 14 juli, 21 juli, 28 juli, 4 augusti, 11 augusti, 18 augusti, 30 augusti, 13 september (tv\u00e5 stycken), 20 september, 15 oktober, 18 november genomf\u00f6rdes vandringar fr\u00e5n Brantingmonumentet p\u00e5 Norra Bantorget till Hjal-mar Brantings grav p\u00e5 Adolf Fredriks kyrkog\u00e5rd. H\u00e4r s\u00e4tts monumenten, konst-verken och byggnaderna i samband med h\u00e4ndelser och skeenden som f\u00f6r-\u00e4ndrade det svenska samh\u00e4llet och formade historien.<\/p>\n<p>&nbsp;<\/p>\n<p>Under vandringen ber\u00e4ttades om demonstrationerna, tidningarna, m\u00f6tesloka-lerna och om platsen d\u00e4r det socialdemokratiska partiet bildades p\u00e5skhelgen 1889. Om enighet och splittring och hundra\u00e5rig kamp f\u00f6r r\u00f6str\u00e4tt och r\u00e4ttvisa.<\/p>\n<p><strong>\u00a0<\/strong><\/p>\n<p><strong>Arbetarnas S\u00f6dermalm <\/strong><\/p>\n<p>10 maj genomf\u00f6rdes en vandring p\u00e5 S\u00f6dermalm \u2013 arbetarnas och arbetarr\u00f6rel-sens historia med utg\u00e5ngspunkt fr\u00e5n S\u00f6dra Station.<\/p>\n<p><strong>\u00a0<\/strong><\/p>\n<p><strong>Arbetarnas S\u00f6dermalm \u2013 Medborgarplatsen till Barn\u00e4ngen<\/strong><\/p>\n<p>25 augusti genomf\u00f6rdes en vandring fr\u00e5n Medborgarplatsen till Barn\u00e4ngsomr\u00e5-det i industrimilj\u00f6er och bostadsomr\u00e5den.<\/p>\n<p>&nbsp;<\/p>\n<p><strong>Apelsinflickor, \u00e4nglamakerskor o andra arbetarkvinnor p\u00e5 S\u00f6dermalm<\/strong><\/p>\n<p>Vandring p\u00e5 arbetarkvinnornas S\u00f6dermalm den 27 augusti som utg\u00e5r fr\u00e5n Lena Kallenbergs roman <em>Apelsinflickan <\/em>\u2013 om kvinnor p\u00e5 S\u00f6dermalm under 1880-talet d\u00e5 det var sv\u00e5rt f\u00f6r arbetarkvinnor att klara sig p\u00e5 l\u00e5ga industriarbetarel\u00f6ner.<\/p>\n<p>&nbsp;<\/p>\n<p><strong>Potatisuppror 1917<\/strong><\/p>\n<p>30 maj vandring fr\u00e5n Mosebacke torg till Nytorget i sp\u00e5ren av hungerupproret 1917.<\/p>\n<p>&nbsp;<\/p>\n<p><strong>Konflikter \u2013 strejker och politiska protester<\/strong><\/p>\n<p>1 september genomf\u00f6rdes en ny vandring med utg\u00e5ngspunkt fr\u00e5n Tegelbacken och avslut p\u00e5 Olof Palmes gata.<\/p>\n<p><strong>\u00a0<\/strong><\/p>\n<p><strong>Arbetarnas Kungsholmen<\/strong> 17 maj genomf\u00f6rdes en vandring i den \u00f6stra och s\u00f6dra delen av Kungsholmen bland industrier och bostadskvarter med start fr\u00e5n T-bana R\u00e5dhuset\/Parm-m\u00e4targatan.<\/p>\n<p>&nbsp;<\/p>\n<p><strong>Arbetarnas Kungsholmen<\/strong><\/p>\n<p>Arbetare och arbetarr\u00f6relse i norra och \u00f6stra delen av Kungsholmen med start T-bana Fridhemsplan, Mariebergsgatan genomf\u00f6rdes den 7 september.<\/p>\n<p><strong>\u00a0<\/strong><\/p>\n<p><strong>L\u00e5ngholmen<\/strong><\/p>\n<p>2 juni gjordes vandringen i det gamla f\u00e4ngelseomr\u00e5det p\u00e5 L\u00e5ngholmen d\u00e4r m\u00e5nga aktiva i arbetarr\u00f6relsen satt f\u00e4ngslade f\u00f6r sina \u00e5sikters skull.<\/p>\n<p>&nbsp;<\/p>\n<h2>I Maria Sandels sp\u00e5r<\/h2>\n<p>15 maj genomf\u00f6rdes vandringen p\u00e5 Kungsholmen d\u00e4r den tidiga arbetarf\u00f6r-fattaren Maria Sandel bodde och arbetade. Vandringen skedde i samarbete med Maria Sandels\u00e4llskapet.<\/p>\n<p><strong>\u00a0<\/strong><\/p>\n<p><strong>I Maria Sandels sp\u00e5r p\u00e5 Skogskyrkog\u00e5rden<\/strong><\/p>\n<p>Vandring med diktl\u00e4sning till Maria Sandels grav p\u00e5 Skogskyrkog\u00e5rden den 11 september. Vandringen skedde i samarbete med Maria Sandels\u00e4llskapet.<\/p>\n<p><strong>\u00a0<\/strong><\/p>\n<p><strong>Norra begravningsplatsen<\/strong><\/p>\n<p>M\u00e5nga av arbetarr\u00f6relsens ledande gestalter \u00e4r begravda p\u00e5 Norra Begrav-ningsplatsen. Vandringarna den 7 maj och 10 september ledde till August Palms, Hinke Bergegrens, Kata Dalstr\u00f6ms, Fredrik Sterkys, Herman Lindqvists, Per Albin Hanssons, Gunnar Str\u00e4ngs, Ernst Blombergs med fleras gravar.<\/p>\n<p><strong>\u00a0<\/strong><\/p>\n<p><strong>Hammarbyh\u00f6jden<\/strong><\/p>\n<p>19 maj genomf\u00f6rdes vandringen i f\u00f6rorten som byggdes p\u00e5 1930-talet. Utg\u00e5ngspunkten var Willy Brandts park med Brandtskulpturen.<\/p>\n<p><strong>\u00a0<\/strong><\/p>\n<p><strong>Arbetarkonst p\u00e5 Industrifacket Metall<\/strong><\/p>\n<p>4 oktober genomf\u00f6rdes konstvandring p\u00e5 F\u00f6rbundshuset i Stockholm.<\/p>\n<p>&nbsp;<\/p>\n<p><strong>I arbetarr\u00f6relsens sp\u00e5r \u2013 bussturer<\/strong><\/p>\n<p><strong>Busstur till Moa Martinsons torp<\/strong><\/p>\n<p>31 maj genomf\u00f6rdes en bussresa till Moas torp i samarbete med Moa-s\u00e4llskapet,<\/p>\n<p>&nbsp;<\/p>\n<p><strong>Busstur till statarna <\/strong><\/p>\n<p>Den 14 maj gjordes en fyra och en halv timmes l\u00e5ng busstur med <strong><em>Gustav Nyberg<\/em><\/strong> som guide. Herrg\u00e5rdarna runt Stockholm var m\u00e5nga, staden skulle f\u00f6rs\u00f6rjas \u2013 och i socknarna Br\u00e4nnkyrka, Botkyrka, Huddinge, J\u00e4rf\u00e4lla, Sp\u00e5nga och Solna dominerade statarna som arbetskraft p\u00e5 storjordbruken. Under f\u00e4rden bes\u00f6ktes Enskede, \u00c5gesta, Alby, S\u00e4by och \u00d6verj\u00e4rva g\u00e5rdar. Vid S\u00e4by g\u00e5rd f\u00f6rt\u00e4rdes med-havd picknickmat.<\/p>\n<p>&nbsp;<\/p>\n<p><strong>AKS Bildningsresa 16-21 oktober 2016 till det R\u00f6da Wien<\/strong><\/p>\n<p>P\u00e5 kv\u00e4llen den 16 oktober samlades resans 43 deltagare p\u00e5 Hotell Atlanta f\u00f6r en genomg\u00e5ng inf\u00f6r veckan i Wien. Vi m\u00f6ttes av Lars Karlsson, folkbildare och tidigare verksam p\u00e5 ABF Stockholm men nu sedan m\u00e5nga \u00e5r bosatt och verksam i Wien och en av dem som lagt ner mycket arbete p\u00e5 att f\u00f6rbereda v\u00e5rt bes\u00f6k.<\/p>\n<p>&nbsp;<\/p>\n<p>V\u00e5rt f\u00f6rsta stopp var VGA\/ Verein f\u00fcr Geschichte der ArbeiterInnenbewegung,<\/p>\n<p>motsvarigheten till v\u00e5rt arbetarr\u00f6relsearkiv, bel\u00e4get i Vorw\u00e4rtshaus som k\u00f6ptes 1911 f\u00f6r \u00d6sterrikes Socialdemokratiska Arbetareparti och tidningen Arbeiter-Zeitung.\u00a0<span style=\"margin: 0px; color: black; font-family: 'Calibri','sans-serif'; font-size: 12pt;\">Det blev m\u00e5nga turer i 1900-talets historia i Wien \u2013 till fots och med buss. Efter en f\u00f6rmiddag i Karl Marx Hof och den intressanta utst\u00e4llningen om det R\u00f6da Wiens historia gjorde vi en flera timmar l\u00e5ng busstur till Wiens sociala bostads-byggande, minnesm\u00e4rken och platser f\u00f6r inb\u00f6rdeskriget och det fascistiska och senare nazistiska makt\u00f6vertagandet<\/span>.<\/p>\n<p><span style=\"margin: 0px; font-family: 'Calibri','sans-serif';\"><span style=\"color: #000000;\">Bes\u00f6ket p\u00e5 Arbeiterkammer dit alla arbetstagare \u00e4r obligatoriskt anslutna till och som i samverkan med \u00d6sterreichischer Gewerkschaftsbund, \u00d6GB, LO i \u00d6sterrike, f\u00f6retr\u00e4der de anst\u00e4llda i bl a sociala och r\u00e4ttsliga fr\u00e5gor, gav goda m\u00f6jligheter till fr\u00e5gor och diskussion.\u00a0<\/span><\/span><span style=\"color: #000000;\"><span style=\"margin: 0px; font-family: 'Calibri','sans-serif';\">Ett halvdagsbes\u00f6k p\u00e5 \u00d6GB orienterade oss i dagens fackliga problem men vi fick ocks\u00e5 en \u00f6vergripande och engagerad historik av 1900-talets fackliga och poli-tiska historia. \u00d6verhuvudtaget var det imponerande att lyssna till de fackliga f\u00f6retr\u00e4darnas <\/span><span style=\"margin: 0px; font-family: 'Calibri','sans-serif';\">historiska kunskaper. Med n\u00e5got undantag var det fackligt aktiva fr\u00e5n f\u00f6rbund och LO som guidade oss i det R\u00f6da Wiens historia. <\/span><\/span><\/p>\n<p><b><span style=\"margin: 0px; color: #cc0000; font-family: 'Calibri','sans-serif'; font-size: 14pt;\">www.arbetarkultur.se<\/span><\/b><\/p>\n<p><span style=\"margin: 0px; color: black; font-family: 'Calibri','sans-serif'; font-size: 11.5pt;\">AKS har en egen hemsida. Informationsmaterial l\u00e4ggs ut och via hemsidan kan man anm\u00e4la sig som medlem och best\u00e4lla b\u00f6cker och skrifter.<\/span><\/p>\n<p><span style=\"margin: 0px; color: black; font-family: 'Calibri','sans-serif'; font-size: 8pt;\">\u00a0<\/span><\/p>\n<p><span style=\"margin: 0px; color: black; font-family: 'Calibri','sans-serif'; font-size: 8pt;\">\u00a0<\/span><\/p>\n<p><b><span style=\"margin: 0px; color: #cc0000; font-family: 'Calibri','sans-serif'; font-size: 14pt;\">I arbetarr\u00f6relsens sp\u00e5r p\u00e5 n\u00e4tet<\/span><\/b><\/p>\n<p><span style=\"margin: 0px; font-family: 'Calibri','sans-serif';\"><span style=\"color: #000000;\">S\u00e4llskapet arbetar med ett projekt vars syfte \u00e4r att presentera arbetarr\u00f6relsens minnesm\u00e4rken i hela landet i en databas p\u00e5 n\u00e4tet. <\/span><\/span><\/p>\n<p><span style=\"margin: 0px; font-family: 'Calibri','sans-serif';\"><span style=\"color: #000000;\">\u00a0<\/span><\/span><\/p>\n<p><b><span style=\"margin: 0px; color: #cc0000; font-family: 'Calibri','sans-serif'; font-size: 14pt;\">Monumentet \u00f6ver Internationella Brigaderna<\/span><\/b><\/p>\n<p><span style=\"margin: 0px; font-family: 'Calibri','sans-serif';\"><span style=\"color: #000000;\">Monumentet restes i universitetsomr\u00e5det i Madrid vid 75-\u00e5rsminnet av den f\u00f6rsta strid som Internationella Brigaderna deltog i under det spanska inb\u00f6rdes-kriget. AKS var med och finansierade monumentet och ett tjugotal medlemmar var n\u00e4rvarande vid invigningen h\u00f6sten 2011. <\/span><\/span><\/p>\n<p><span style=\"margin: 0px; font-family: 'Calibri','sans-serif';\"><span style=\"color: #000000;\">\u00a0<\/span><\/span><\/p>\n<p><span style=\"margin: 0px; font-family: 'Calibri','sans-serif';\"><span style=\"color: #000000;\">I oktober 2016 h\u00f6gtidligh\u00f6lls 80-\u00e5rsminnet av spanska inb\u00f6rdeskrigets utbrott med bland annat en minnesh\u00f6gtid vid monumentet i Madrid. Olle Meurling, som var en av de internationella brigadister som stupade i kampen om Madrid 1936, uppm\u00e4rksammades i oktober vid en sammankomst i Kristdala i Sm\u00e5land d\u00e4r det ocks\u00e5 finns en minnessten. <\/span><\/span><\/p>\n<p><strong><span style=\"margin: 0px; font-family: 'Calibri','sans-serif';\"><span style=\"color: #000000;\">\u00a0<\/span><\/span>1 maj i Stockholm<\/strong><\/p>\n<p><span style=\"margin: 0px; font-family: 'Calibri','sans-serif'; font-size: 11pt;\"><span style=\"color: #000000;\">LO-distriktet i Stockholms l\u00e4n f\u00f6rvaltar minnet av de som stupade i kampen f\u00f6r demokratin och hedrar dem f\u00f6r deras insats vid La Mano i Stockholm, det monument till de Spanienfrivilligas minne, som genom demokratiska beslut uppf\u00f6rts och bekostats av Stockholms stad. Inf\u00f6r 80-\u00e5rsminnet av inb\u00f6rdeskrigets utbrott stod staden f\u00f6r en genomgripande renovering av La Mano. <\/span><\/span><\/p>\n<p><span style=\"margin: 0px; font-family: 'Calibri','sans-serif'; font-size: 11pt;\"><span style=\"color: #000000;\">\u00a0<\/span><\/span><span style=\"margin: 0px; font-family: 'Calibri','sans-serif'; font-size: 11pt;\"><span style=\"color: #000000;\">LO-distriktet tillsammans med Arbetarnas Kultur-historiska S\u00e4llskap, Arbetarr\u00f6relsens arkiv och bibliotek och Svenska Spanienfrivilligas V\u00e4nner tog fram en skrift om La Mano till 1 maj. <\/span><\/span><\/p>\n<p><strong>Slutord\u00a0 <\/strong><\/p>\n<p>\u00c5ret har pr\u00e4glats av m\u00e5nga och ut\u00e5triktade arrangemang \u2013 seminarier, visningar, vandringar och bussturer. Ut\u00f6ver v\u00e5ra sedvanliga vandringar innebar \u00e5ret en ny vandring p\u00e5 temat konflikter \u2013 fackliga och politiska i arbetarr\u00f6relsens pionj\u00e4rtid, tv\u00e5 halvdags bussturer och en veckol\u00e5ng resa till det R\u00f6da Wien. S\u00e4llskapets 90-\u00e5rsjubileum uppm\u00e4rksammades med ett s\u00e4rskilt temaseminarium p\u00e5 \u00e5rsm\u00f6tet.<\/p>\n<p>&nbsp;<\/p>\n<p>\u00c5rets medlemsbok, <em>N\u00e4r gatan tog mediemakt. Pariskommunens bilder<\/em> har r\u00f6nt god uppm\u00e4rksamhet i pressen efter presentationen p\u00e5 Litografiska mus\u00e9ets ut-st\u00e4llning. F\u00f6r femte \u00e5ret i rad har AKS i samverkan med Arbetarr\u00f6relsens arkiv och bibliotek tagit fram en v\u00e4ggalmanacka med arbetarr\u00f6relsens kvinnor och under n\u00e5gra hektiska h\u00f6stm\u00e5nader s\u00e5lt den till m\u00e5nga intresserade.<\/p>\n<p>&nbsp;<\/p>\n<p>Ett stort antal medlemmar har st\u00e4llt upp n\u00e4r det g\u00e4llt utskick och f\u00f6r att packa b\u00f6cker, ett stort tack vill styrelsen rikta till dessa. Ett tack f\u00f6r ett fint och intensivt samarbete vill vi rikta till ABF Stockholm och Tidningen Arbetet, Maria Sandel-s\u00e4llskapet, Svenska Spanienfrivilligas V\u00e4nner samt Arbetarr\u00f6relsens arkiv och bib-liotek vars v\u00e4nf\u00f6rening S\u00e4llskapet utg\u00f6r och d\u00e4r vi har v\u00e5r ideologiska och geo-grafiska hemvist. Vi vill ocks\u00e5 tacka F\u00f6reningen f\u00f6r Arbetarhistoria i Eskilstuna, som arrangerar m\u00e5nga och intressanta seminarier.<\/p>\n<p>&nbsp;<\/p>\n<p>G\u00f6ran Eriksson, v\u00e5r m\u00e5ng\u00e5rige styrelseledamot, bel\u00f6nades h\u00f6sten 2016 f\u00f6r sina stora folkbildande insatser med Ellen Keypriset och sk\u00e4nkte i samband med det en stor summa pengar till verksamheten i Arbetarnas Kulturhistoriska S\u00e4llskap. F\u00f6r detta vill vi uttrycka ett varmt tack!<\/p>\n<p>&nbsp;<\/p>\n<p><strong>Stockholm i januari 2017<\/strong><\/p>\n<p><strong>\u00a0<\/strong><em>Kjersti Bosdotter,\u00a0 <\/em><em>Anne-Marie Lindgren,<\/em><em>\u00a0 Jonny Jakobsson,\u00a0<\/em><em>Bo Tengberg,\u00a0 Lars Ekdahl, Lotta Durg\u00e9, <\/em>\u00a0 \u00a0 \u00a0 \u00a0 \u00a0\u00a0 <em>G\u00f6ran Eriksson, Dan Nyberg, Malin<\/em> Kl<em>ingzell-Brulin, \u00a0 \u00a0 \u00a0 \u00a0 \u00a0 \u00a0 \u00a0\u00a0 Nina Sj\u00f6berg, <\/em><em>Bjarne Isacson,\u00a0 Heli K\u00e4rkk\u00e4inen, \u00a0 \u00a0 \u00a0 \u00a0 \u00a0 \u00a0 \u00a0 \u00a0 \u00a0 \u00a0 G\u00f6ran Nilsson<\/em><\/p>\n<p><span style=\"color: #000000; font-family: Times New Roman;\">\u00a0<\/span><\/p>\n","protected":false},"excerpt":{"rendered":"<p>Verksamhetsber\u00e4ttelse f\u00f6r \u00e5r 2016 &nbsp; \u00a0 Medlemmar Antalet medlemmar vid \u00e5rets utg\u00e5ng var 801, en minskning sen f\u00f6rra \u00e5ret med 26. Medlemmarna \u00e4r f\u00f6rdelade&#8230;<\/p>\n","protected":false},"author":1,"featured_media":0,"comment_status":"open","ping_status":"open","sticky":false,"template":"","format":"standard","meta":{"footnotes":""},"categories":[10,1],"tags":[],"class_list":["post-412","post","type-post","status-publish","format-standard","hentry","category-medlemsinformation","category-nyheter"],"_links":{"self":[{"href":"https:\/\/arbetarkultur.se\/index.php?rest_route=\/wp\/v2\/posts\/412","targetHints":{"allow":["GET"]}}],"collection":[{"href":"https:\/\/arbetarkultur.se\/index.php?rest_route=\/wp\/v2\/posts"}],"about":[{"href":"https:\/\/arbetarkultur.se\/index.php?rest_route=\/wp\/v2\/types\/post"}],"author":[{"embeddable":true,"href":"https:\/\/arbetarkultur.se\/index.php?rest_route=\/wp\/v2\/users\/1"}],"replies":[{"embeddable":true,"href":"https:\/\/arbetarkultur.se\/index.php?rest_route=%2Fwp%2Fv2%2Fcomments&post=412"}],"version-history":[{"count":1,"href":"https:\/\/arbetarkultur.se\/index.php?rest_route=\/wp\/v2\/posts\/412\/revisions"}],"predecessor-version":[{"id":413,"href":"https:\/\/arbetarkultur.se\/index.php?rest_route=\/wp\/v2\/posts\/412\/revisions\/413"}],"wp:attachment":[{"href":"https:\/\/arbetarkultur.se\/index.php?rest_route=%2Fwp%2Fv2%2Fmedia&parent=412"}],"wp:term":[{"taxonomy":"category","embeddable":true,"href":"https:\/\/arbetarkultur.se\/index.php?rest_route=%2Fwp%2Fv2%2Fcategories&post=412"},{"taxonomy":"post_tag","embeddable":true,"href":"https:\/\/arbetarkultur.se\/index.php?rest_route=%2Fwp%2Fv2%2Ftags&post=412"}],"curies":[{"name":"wp","href":"https:\/\/api.w.org\/{rel}","templated":true}]}}