{"id":456,"date":"2018-09-07T08:57:50","date_gmt":"2018-09-07T08:57:50","guid":{"rendered":"http:\/\/arbetarkultur.se\/?p=456"},"modified":"2018-09-07T08:57:50","modified_gmt":"2018-09-07T08:57:50","slug":"vandra-i-maria-sandels-fotspar-pa-kungsholmen","status":"publish","type":"post","link":"https:\/\/arbetarkultur.se\/?p=456","title":{"rendered":"Vandra i Maria Sandels fotsp\u00e5r p\u00e5 Kungsholmen"},"content":{"rendered":"<p><strong>Kungsholmen f\u00f6r 100 \u00e5r sedan<\/strong><\/p>\n<p>Vandra ned oss i Maria Sandels fotsp\u00e5r fr\u00e5n Parmm\u00e4targatan till Stadshagen.<\/p>\n<p>S\u00f6ndagen 16 september<\/p>\n<p>Samling kl 13.00 utanf\u00f6r hissen uppe p\u00e5 Kungsklippan. T-bana R\u00e5dhuset (bl\u00e5 linje).<\/p>\n<p>Vandringen tar cirka 1, 5 timmar.<\/p>\n<p>V\u00e4lkomna!<\/p>\n<p>Arrang\u00f6rer: Maria Sandels\u00e4llskapet, ABF och AKS<\/p>\n","protected":false},"excerpt":{"rendered":"<p>Kungsholmen f\u00f6r 100 \u00e5r sedan Vandra ned oss i Maria Sandels fotsp\u00e5r fr\u00e5n Parmm\u00e4targatan till Stadshagen. S\u00f6ndagen 16 september Samling kl 13.00 utanf\u00f6r hissen&#8230;<\/p>\n","protected":false},"author":1,"featured_media":0,"comment_status":"open","ping_status":"open","sticky":false,"template":"","format":"standard","meta":{"footnotes":""},"categories":[4],"tags":[],"class_list":["post-456","post","type-post","status-publish","format-standard","hentry","category-vandringar"],"_links":{"self":[{"href":"https:\/\/arbetarkultur.se\/index.php?rest_route=\/wp\/v2\/posts\/456","targetHints":{"allow":["GET"]}}],"collection":[{"href":"https:\/\/arbetarkultur.se\/index.php?rest_route=\/wp\/v2\/posts"}],"about":[{"href":"https:\/\/arbetarkultur.se\/index.php?rest_route=\/wp\/v2\/types\/post"}],"author":[{"embeddable":true,"href":"https:\/\/arbetarkultur.se\/index.php?rest_route=\/wp\/v2\/users\/1"}],"replies":[{"embeddable":true,"href":"https:\/\/arbetarkultur.se\/index.php?rest_route=%2Fwp%2Fv2%2Fcomments&post=456"}],"version-history":[{"count":1,"href":"https:\/\/arbetarkultur.se\/index.php?rest_route=\/wp\/v2\/posts\/456\/revisions"}],"predecessor-version":[{"id":457,"href":"https:\/\/arbetarkultur.se\/index.php?rest_route=\/wp\/v2\/posts\/456\/revisions\/457"}],"wp:attachment":[{"href":"https:\/\/arbetarkultur.se\/index.php?rest_route=%2Fwp%2Fv2%2Fmedia&parent=456"}],"wp:term":[{"taxonomy":"category","embeddable":true,"href":"https:\/\/arbetarkultur.se\/index.php?rest_route=%2Fwp%2Fv2%2Fcategories&post=456"},{"taxonomy":"post_tag","embeddable":true,"href":"https:\/\/arbetarkultur.se\/index.php?rest_route=%2Fwp%2Fv2%2Ftags&post=456"}],"curies":[{"name":"wp","href":"https:\/\/api.w.org\/{rel}","templated":true}]}}