{"id":459,"date":"2018-09-16T06:42:19","date_gmt":"2018-09-16T06:42:19","guid":{"rendered":"http:\/\/arbetarkultur.se\/?p=459"},"modified":"2018-09-16T06:46:18","modified_gmt":"2018-09-16T06:46:18","slug":"det-nya-modet-birgit-stahl-nyberg","status":"publish","type":"post","link":"https:\/\/arbetarkultur.se\/?p=459","title":{"rendered":"Det nya modet &#8211; Birgit St\u00e5hl-Nyberg"},"content":{"rendered":"<p>&#8221;Hon blev inte konstn\u00e4r trots sin uppv\u00e4xt utan tack vare den. Hon f\u00f6ddes och v\u00e4xte upp i arbetarr\u00f6relsen. Det var en tid n\u00e4r skogsarbetarna organiserade sig, torpare och sm\u00e5b\u00f6nder tog \u00f6ver ledningen i kommunen och allt var m\u00e4ttat av folklig kultur. Birgit St\u00e5hl-Nyberg visste vart hon h\u00f6rde. Hon tog st\u00e4llning i konst&#8221; Ur \u00a0<em>Det nya modet<\/em> &#8211;\u00a0<em>Birgit St\u00e5hl-Nyberg<\/em>, som \u00e4r den f\u00f6rsta boken om hennes liv och verk.<\/p>\n<p>Mikael Nyberg och Robert Nyberg ber\u00e4ttar och visar bilder.<\/p>\n<p>M\u00e5ndag 1 oktober kl. 18.00<\/p>\n<p>ABF-huset, Sveav\u00e4gen 41, Stockholm<\/p>\n<p>Fri entr\u00e9<\/p>\n<p>Arrangeras av ABF, AKS och Arbetarr\u00f6relsens arkiv och bibliotek<\/p>\n","protected":false},"excerpt":{"rendered":"<p>&#8221;Hon blev inte konstn\u00e4r trots sin uppv\u00e4xt utan tack vare den. Hon f\u00f6ddes och v\u00e4xte upp i arbetarr\u00f6relsen. Det var en tid n\u00e4r skogsarbetarna&#8230;<\/p>\n","protected":false},"author":1,"featured_media":0,"comment_status":"open","ping_status":"open","sticky":false,"template":"","format":"standard","meta":{"footnotes":""},"categories":[9],"tags":[],"class_list":["post-459","post","type-post","status-publish","format-standard","hentry","category-seminarier-och-moten"],"_links":{"self":[{"href":"https:\/\/arbetarkultur.se\/index.php?rest_route=\/wp\/v2\/posts\/459","targetHints":{"allow":["GET"]}}],"collection":[{"href":"https:\/\/arbetarkultur.se\/index.php?rest_route=\/wp\/v2\/posts"}],"about":[{"href":"https:\/\/arbetarkultur.se\/index.php?rest_route=\/wp\/v2\/types\/post"}],"author":[{"embeddable":true,"href":"https:\/\/arbetarkultur.se\/index.php?rest_route=\/wp\/v2\/users\/1"}],"replies":[{"embeddable":true,"href":"https:\/\/arbetarkultur.se\/index.php?rest_route=%2Fwp%2Fv2%2Fcomments&post=459"}],"version-history":[{"count":3,"href":"https:\/\/arbetarkultur.se\/index.php?rest_route=\/wp\/v2\/posts\/459\/revisions"}],"predecessor-version":[{"id":477,"href":"https:\/\/arbetarkultur.se\/index.php?rest_route=\/wp\/v2\/posts\/459\/revisions\/477"}],"wp:attachment":[{"href":"https:\/\/arbetarkultur.se\/index.php?rest_route=%2Fwp%2Fv2%2Fmedia&parent=459"}],"wp:term":[{"taxonomy":"category","embeddable":true,"href":"https:\/\/arbetarkultur.se\/index.php?rest_route=%2Fwp%2Fv2%2Fcategories&post=459"},{"taxonomy":"post_tag","embeddable":true,"href":"https:\/\/arbetarkultur.se\/index.php?rest_route=%2Fwp%2Fv2%2Ftags&post=459"}],"curies":[{"name":"wp","href":"https:\/\/api.w.org\/{rel}","templated":true}]}}