{"id":464,"date":"2018-09-16T06:51:30","date_gmt":"2018-09-16T06:51:30","guid":{"rendered":"http:\/\/arbetarkultur.se\/?p=464"},"modified":"2018-09-16T06:51:30","modified_gmt":"2018-09-16T06:51:30","slug":"livsoden-i-finlands-bortglomda-fanglager","status":"publish","type":"post","link":"https:\/\/arbetarkultur.se\/?p=464","title":{"rendered":"Livs\u00f6den i Finlands bortgl\u00f6mda f\u00e5ngl\u00e4ger"},"content":{"rendered":"<p>Sirpa K\u00e4hk\u00f6nen presenterar sin bok.<\/p>\n<p>1925 reste Lauri Tuomainen, f\u00f6rfattarens morfar, full av f\u00f6rhoppningar till Sovjetunionen och antogs vid officersskolan i Leningrad. Men han vantrivdes och \u00e5terv\u00e4nde besviken hem. Efter en l\u00e5ng r\u00e4ttsprocess f\u00e4ngslades han 1928 i ett och ett halvt \u00e5r i tv\u00e5ngsarbetsl\u00e4gret i Dragsvik. 1930 inf\u00f6rdes lagar i Finland som kriminaliserade all kommunistisk verksamhet. Lauri d\u00f6mdes 1932 till ytterligare sju \u00e5r i Dragsvik, d\u00e4r f\u00e5ngvaktarna var organiserade h\u00f6gerextremister.<\/p>\n<p>Torsdag 8 november, kl. 18.00<\/p>\n<p>ABF-huset, Sveav\u00e4gen 41, Stockholm<\/p>\n<p>Fri entr\u00e9<\/p>\n<p><span style=\"display: inline !important; float: none; background-color: transparent; color: #333333; cursor: text; font-family: Georgia,'Times New Roman','Bitstream Charter',Times,serif; font-size: 16px; font-style: normal; font-variant: normal; font-weight: 400; letter-spacing: normal; orphans: 2; text-align: left; text-decoration: none; text-indent: 0px; text-transform: none; -webkit-text-stroke-width: 0px; white-space: normal; word-spacing: 0px;\">Arrangeras av ABF, AKS och Arbetarr\u00f6relsens arkiv och bibliotek<\/span><\/p>\n","protected":false},"excerpt":{"rendered":"<p>Sirpa K\u00e4hk\u00f6nen presenterar sin bok. 1925 reste Lauri Tuomainen, f\u00f6rfattarens morfar, full av f\u00f6rhoppningar till Sovjetunionen och antogs vid officersskolan i Leningrad. Men han&#8230;<\/p>\n","protected":false},"author":1,"featured_media":0,"comment_status":"open","ping_status":"open","sticky":false,"template":"","format":"standard","meta":{"footnotes":""},"categories":[1,9],"tags":[],"class_list":["post-464","post","type-post","status-publish","format-standard","hentry","category-nyheter","category-seminarier-och-moten"],"_links":{"self":[{"href":"https:\/\/arbetarkultur.se\/index.php?rest_route=\/wp\/v2\/posts\/464","targetHints":{"allow":["GET"]}}],"collection":[{"href":"https:\/\/arbetarkultur.se\/index.php?rest_route=\/wp\/v2\/posts"}],"about":[{"href":"https:\/\/arbetarkultur.se\/index.php?rest_route=\/wp\/v2\/types\/post"}],"author":[{"embeddable":true,"href":"https:\/\/arbetarkultur.se\/index.php?rest_route=\/wp\/v2\/users\/1"}],"replies":[{"embeddable":true,"href":"https:\/\/arbetarkultur.se\/index.php?rest_route=%2Fwp%2Fv2%2Fcomments&post=464"}],"version-history":[{"count":1,"href":"https:\/\/arbetarkultur.se\/index.php?rest_route=\/wp\/v2\/posts\/464\/revisions"}],"predecessor-version":[{"id":465,"href":"https:\/\/arbetarkultur.se\/index.php?rest_route=\/wp\/v2\/posts\/464\/revisions\/465"}],"wp:attachment":[{"href":"https:\/\/arbetarkultur.se\/index.php?rest_route=%2Fwp%2Fv2%2Fmedia&parent=464"}],"wp:term":[{"taxonomy":"category","embeddable":true,"href":"https:\/\/arbetarkultur.se\/index.php?rest_route=%2Fwp%2Fv2%2Fcategories&post=464"},{"taxonomy":"post_tag","embeddable":true,"href":"https:\/\/arbetarkultur.se\/index.php?rest_route=%2Fwp%2Fv2%2Ftags&post=464"}],"curies":[{"name":"wp","href":"https:\/\/api.w.org\/{rel}","templated":true}]}}