{"id":466,"date":"2018-09-16T06:57:18","date_gmt":"2018-09-16T06:57:18","guid":{"rendered":"http:\/\/arbetarkultur.se\/?p=466"},"modified":"2018-11-16T08:48:04","modified_gmt":"2018-11-16T08:48:04","slug":"seminarier-pa-socialistiskt-forum","status":"publish","type":"post","link":"https:\/\/arbetarkultur.se\/?p=466","title":{"rendered":"Seminarier p\u00e5 Socialistiskt Forum 24 november"},"content":{"rendered":"<p><strong>KL. 15.00: Ellen Key och inb\u00f6rdeskriget i Finland<\/strong><\/p>\n<p>Historikern Ulla Wikander ber\u00e4ttar om \u201dfredsv\u00e4nnen\u201d Ellen Key som n\u00e4r inb\u00f6rdeskriget bryter ut i Finland i januari 1918 tar klar st\u00e4llning f\u00f6r den borgerliga sidan. Ellen Key var pacifist och krigsmotst\u00e5ndare, till och med kritiserad f\u00f6r att vara antipatriotisk i sitt fredsarbete. \u00c4nd\u00e5 kr\u00e4vde hon offentligt att Sverige skulle g\u00e5 in med vapenhj\u00e4lp till general Mannerheim och den vita sidan som \u2013 enligt hennes \u00e5sikt \u2013 stod f\u00f6r det r\u00e4tta och de r\u00f6da arbetarna f\u00f6r det onda. Hennes st\u00e4llningstagande v\u00e4ckte stark debatt och ifr\u00e5gas\u00e4ttande vid den h\u00e4r tiden d\u00e5 m\u00e5nga liberaler och socialdemokrater menade att man borde arbeta f\u00f6r medling i konflikten.<\/p>\n<p>&nbsp;<\/p>\n<p>&nbsp;<\/p>\n<p><strong>Kl. 16.00; Svart gryning &#8211; fascismen i Finland 1919-1944<\/strong><\/p>\n<p>I det finska inb\u00f6rdeskrigets sp\u00e5r utvecklades den finska fascismen under mellankrigstiden. Den fick st\u00f6d av n\u00e4ringslivet och samh\u00e4llets toppskikt. Den vita segern i inb\u00f6rdeskriget togs inte tillvara och dess frukter ans\u00e5gs f\u00f6rst\u00f6rda av politiker och systemet \u2013 demokratin och parlamentarismen. Lappor\u00f6relsen lyckades f\u00e5 kommunisterna f\u00f6rbjudna som politiskt parti och terroriserade finl\u00e4ndska v\u00e4nsterpolitiker, som misshandlades, tv\u00e5ngsskjutsades fr\u00e5n sina hem och ibland m\u00f6rdades. Boken Svart gryning avsl\u00f6jar hur n\u00e4ra Finland var ett fascistiskt makt\u00f6vertagande. En av bokens f\u00f6rfattare, historikern Aapo Roselius, medverkar i detta seminarium.<\/p>\n<p>L\u00f6rdag 24 november.<\/p>\n<p>ABF-huset, Sveav\u00e4gen 41, Stockholm<\/p>\n<p>Fri entr\u00e9<\/p>\n<p><span style=\"display: inline !important; float: none; background-color: transparent; color: #333333; cursor: text; font-family: Georgia,'Times New Roman','Bitstream Charter',Times,serif; font-size: 16px; font-style: normal; font-variant: normal; font-weight: 400; letter-spacing: normal; orphans: 2; text-align: left; text-decoration: none; text-indent: 0px; text-transform: none; -webkit-text-stroke-width: 0px; white-space: normal; word-spacing: 0px;\">Arrangeras av ABF, AKS och Arbetarr\u00f6relsens arkiv och bibliotek<\/span><\/p>\n","protected":false},"excerpt":{"rendered":"<p>KL. 15.00: Ellen Key och inb\u00f6rdeskriget i Finland Historikern Ulla Wikander ber\u00e4ttar om \u201dfredsv\u00e4nnen\u201d Ellen Key som n\u00e4r inb\u00f6rdeskriget bryter ut i Finland i&#8230;<\/p>\n","protected":false},"author":1,"featured_media":0,"comment_status":"open","ping_status":"open","sticky":false,"template":"","format":"standard","meta":{"footnotes":""},"categories":[1,9],"tags":[],"class_list":["post-466","post","type-post","status-publish","format-standard","hentry","category-nyheter","category-seminarier-och-moten"],"_links":{"self":[{"href":"https:\/\/arbetarkultur.se\/index.php?rest_route=\/wp\/v2\/posts\/466","targetHints":{"allow":["GET"]}}],"collection":[{"href":"https:\/\/arbetarkultur.se\/index.php?rest_route=\/wp\/v2\/posts"}],"about":[{"href":"https:\/\/arbetarkultur.se\/index.php?rest_route=\/wp\/v2\/types\/post"}],"author":[{"embeddable":true,"href":"https:\/\/arbetarkultur.se\/index.php?rest_route=\/wp\/v2\/users\/1"}],"replies":[{"embeddable":true,"href":"https:\/\/arbetarkultur.se\/index.php?rest_route=%2Fwp%2Fv2%2Fcomments&post=466"}],"version-history":[{"count":3,"href":"https:\/\/arbetarkultur.se\/index.php?rest_route=\/wp\/v2\/posts\/466\/revisions"}],"predecessor-version":[{"id":481,"href":"https:\/\/arbetarkultur.se\/index.php?rest_route=\/wp\/v2\/posts\/466\/revisions\/481"}],"wp:attachment":[{"href":"https:\/\/arbetarkultur.se\/index.php?rest_route=%2Fwp%2Fv2%2Fmedia&parent=466"}],"wp:term":[{"taxonomy":"category","embeddable":true,"href":"https:\/\/arbetarkultur.se\/index.php?rest_route=%2Fwp%2Fv2%2Fcategories&post=466"},{"taxonomy":"post_tag","embeddable":true,"href":"https:\/\/arbetarkultur.se\/index.php?rest_route=%2Fwp%2Fv2%2Ftags&post=466"}],"curies":[{"name":"wp","href":"https:\/\/api.w.org\/{rel}","templated":true}]}}