{"id":520,"date":"2019-02-05T16:22:27","date_gmt":"2019-02-05T16:22:27","guid":{"rendered":"http:\/\/arbetarkultur.se\/?p=520"},"modified":"2019-02-05T16:22:27","modified_gmt":"2019-02-05T16:22:27","slug":"arbetarfamiljer-i-1910-talets-stockholm","status":"publish","type":"post","link":"https:\/\/arbetarkultur.se\/?p=520","title":{"rendered":"Arbetarfamiljer i 1910-talets Stockholm"},"content":{"rendered":"<p>F\u00f6redrag av Anne-Marie Lindgren i anslutning till Maria Sandels\u00e4llskapets \u00e5rsm\u00f6te. F\u00f6redraget bygger p\u00e5 texter av Maria Sandel om stockholmsfamiljer, sv\u00e4lt och umb\u00e4randen. Men ocks\u00e5 om hur arbetarna organiserade sig.<\/p>\n<p>Tisdag 19 mars kl 17.30<\/p>\n<p>ABF-huset, Sveav\u00e4gen 41, Stockholm<\/p>\n<p>Fri entr\u00e9<\/p>\n<p>Arrangeras av ABF, AKS och Arbetarr\u00f6relsens arkiv och bibliotek<\/p>\n","protected":false},"excerpt":{"rendered":"<p>F\u00f6redrag av Anne-Marie Lindgren i anslutning till Maria Sandels\u00e4llskapets \u00e5rsm\u00f6te. F\u00f6redraget bygger p\u00e5 texter av Maria Sandel om stockholmsfamiljer, sv\u00e4lt och umb\u00e4randen. Men ocks\u00e5&#8230;<\/p>\n","protected":false},"author":1,"featured_media":0,"comment_status":"open","ping_status":"open","sticky":false,"template":"","format":"standard","meta":{"footnotes":""},"categories":[9],"tags":[],"class_list":["post-520","post","type-post","status-publish","format-standard","hentry","category-seminarier-och-moten"],"_links":{"self":[{"href":"https:\/\/arbetarkultur.se\/index.php?rest_route=\/wp\/v2\/posts\/520","targetHints":{"allow":["GET"]}}],"collection":[{"href":"https:\/\/arbetarkultur.se\/index.php?rest_route=\/wp\/v2\/posts"}],"about":[{"href":"https:\/\/arbetarkultur.se\/index.php?rest_route=\/wp\/v2\/types\/post"}],"author":[{"embeddable":true,"href":"https:\/\/arbetarkultur.se\/index.php?rest_route=\/wp\/v2\/users\/1"}],"replies":[{"embeddable":true,"href":"https:\/\/arbetarkultur.se\/index.php?rest_route=%2Fwp%2Fv2%2Fcomments&post=520"}],"version-history":[{"count":1,"href":"https:\/\/arbetarkultur.se\/index.php?rest_route=\/wp\/v2\/posts\/520\/revisions"}],"predecessor-version":[{"id":521,"href":"https:\/\/arbetarkultur.se\/index.php?rest_route=\/wp\/v2\/posts\/520\/revisions\/521"}],"wp:attachment":[{"href":"https:\/\/arbetarkultur.se\/index.php?rest_route=%2Fwp%2Fv2%2Fmedia&parent=520"}],"wp:term":[{"taxonomy":"category","embeddable":true,"href":"https:\/\/arbetarkultur.se\/index.php?rest_route=%2Fwp%2Fv2%2Fcategories&post=520"},{"taxonomy":"post_tag","embeddable":true,"href":"https:\/\/arbetarkultur.se\/index.php?rest_route=%2Fwp%2Fv2%2Ftags&post=520"}],"curies":[{"name":"wp","href":"https:\/\/api.w.org\/{rel}","templated":true}]}}