{"id":524,"date":"2019-02-05T16:26:26","date_gmt":"2019-02-05T16:26:26","guid":{"rendered":"http:\/\/arbetarkultur.se\/?p=524"},"modified":"2019-02-05T16:26:26","modified_gmt":"2019-02-05T16:26:26","slug":"lonen-makten-och-vardigheten","status":"publish","type":"post","link":"https:\/\/arbetarkultur.se\/?p=524","title":{"rendered":"L\u00f6nen, makten och v\u00e4rdigheten"},"content":{"rendered":"<p>I boken L\u00f6nen, makten och v\u00e4rdigheten g\u00f6r Harald Gatu fem nedslag i industriarbetarnas historia: 1905, 1945, 1983, 1995 och 2009. Via dessa \u00e5r gestaltas de olika pr\u00f6vningar som den fackliga organisationen st\u00e4llts inf\u00f6r i sin str\u00e4van att v\u00e4rna priset p\u00e5 arbetet och skydda arbetsvillkoren. Harald Gatu \u00e4r reporter p\u00e5 IF Metalls tidning Dagens Arbete.<\/p>\n<p>M\u00e5ndag 15 april kl 18.00<\/p>\n<p>ABF-huset, Sveav\u00e4gen 41, Stockholm<\/p>\n<p>Fri entre<\/p>\n<p>Arrangeras av ABF, AKS och Arbetarr\u00f6relsens arkiv och bibliotek<\/p>\n","protected":false},"excerpt":{"rendered":"<p>I boken L\u00f6nen, makten och v\u00e4rdigheten g\u00f6r Harald Gatu fem nedslag i industriarbetarnas historia: 1905, 1945, 1983, 1995 och 2009. Via dessa \u00e5r gestaltas&#8230;<\/p>\n","protected":false},"author":1,"featured_media":0,"comment_status":"open","ping_status":"open","sticky":false,"template":"","format":"standard","meta":{"footnotes":""},"categories":[9],"tags":[],"class_list":["post-524","post","type-post","status-publish","format-standard","hentry","category-seminarier-och-moten"],"_links":{"self":[{"href":"https:\/\/arbetarkultur.se\/index.php?rest_route=\/wp\/v2\/posts\/524","targetHints":{"allow":["GET"]}}],"collection":[{"href":"https:\/\/arbetarkultur.se\/index.php?rest_route=\/wp\/v2\/posts"}],"about":[{"href":"https:\/\/arbetarkultur.se\/index.php?rest_route=\/wp\/v2\/types\/post"}],"author":[{"embeddable":true,"href":"https:\/\/arbetarkultur.se\/index.php?rest_route=\/wp\/v2\/users\/1"}],"replies":[{"embeddable":true,"href":"https:\/\/arbetarkultur.se\/index.php?rest_route=%2Fwp%2Fv2%2Fcomments&post=524"}],"version-history":[{"count":1,"href":"https:\/\/arbetarkultur.se\/index.php?rest_route=\/wp\/v2\/posts\/524\/revisions"}],"predecessor-version":[{"id":525,"href":"https:\/\/arbetarkultur.se\/index.php?rest_route=\/wp\/v2\/posts\/524\/revisions\/525"}],"wp:attachment":[{"href":"https:\/\/arbetarkultur.se\/index.php?rest_route=%2Fwp%2Fv2%2Fmedia&parent=524"}],"wp:term":[{"taxonomy":"category","embeddable":true,"href":"https:\/\/arbetarkultur.se\/index.php?rest_route=%2Fwp%2Fv2%2Fcategories&post=524"},{"taxonomy":"post_tag","embeddable":true,"href":"https:\/\/arbetarkultur.se\/index.php?rest_route=%2Fwp%2Fv2%2Ftags&post=524"}],"curies":[{"name":"wp","href":"https:\/\/api.w.org\/{rel}","templated":true}]}}