{"id":526,"date":"2019-02-05T16:27:38","date_gmt":"2019-02-05T16:27:38","guid":{"rendered":"http:\/\/arbetarkultur.se\/?p=526"},"modified":"2019-02-05T16:27:38","modified_gmt":"2019-02-05T16:27:38","slug":"sida-vid-sida-lo-distriktet-i-stockholm-100-ar","status":"publish","type":"post","link":"https:\/\/arbetarkultur.se\/?p=526","title":{"rendered":"Sida vid sida \u2013 LO-distriktet i Stockholm 100 \u00e5r"},"content":{"rendered":"<p>Roger Mogert har redigerat och medverkat i en bok om LO-distriktets etthundra \u00e5r. Boken best\u00e5r av ett antal ess\u00e4er och intervjuer som speglar de hundra \u00e5ren.<\/p>\n<p>Tisdag 23 april kl 18.00<\/p>\n<p>ABF-huset, Sveav\u00e4gen 41, Stockholm<\/p>\n<p>Fri entr\u00e9<\/p>\n<p>Arrangeras av ABF, AKS och Arbetarr\u00f6relsens arkiv och bibliotek<\/p>\n","protected":false},"excerpt":{"rendered":"<p>Roger Mogert har redigerat och medverkat i en bok om LO-distriktets etthundra \u00e5r. Boken best\u00e5r av ett antal ess\u00e4er och intervjuer som speglar de&#8230;<\/p>\n","protected":false},"author":1,"featured_media":0,"comment_status":"open","ping_status":"open","sticky":false,"template":"","format":"standard","meta":{"footnotes":""},"categories":[9],"tags":[],"class_list":["post-526","post","type-post","status-publish","format-standard","hentry","category-seminarier-och-moten"],"_links":{"self":[{"href":"https:\/\/arbetarkultur.se\/index.php?rest_route=\/wp\/v2\/posts\/526","targetHints":{"allow":["GET"]}}],"collection":[{"href":"https:\/\/arbetarkultur.se\/index.php?rest_route=\/wp\/v2\/posts"}],"about":[{"href":"https:\/\/arbetarkultur.se\/index.php?rest_route=\/wp\/v2\/types\/post"}],"author":[{"embeddable":true,"href":"https:\/\/arbetarkultur.se\/index.php?rest_route=\/wp\/v2\/users\/1"}],"replies":[{"embeddable":true,"href":"https:\/\/arbetarkultur.se\/index.php?rest_route=%2Fwp%2Fv2%2Fcomments&post=526"}],"version-history":[{"count":1,"href":"https:\/\/arbetarkultur.se\/index.php?rest_route=\/wp\/v2\/posts\/526\/revisions"}],"predecessor-version":[{"id":527,"href":"https:\/\/arbetarkultur.se\/index.php?rest_route=\/wp\/v2\/posts\/526\/revisions\/527"}],"wp:attachment":[{"href":"https:\/\/arbetarkultur.se\/index.php?rest_route=%2Fwp%2Fv2%2Fmedia&parent=526"}],"wp:term":[{"taxonomy":"category","embeddable":true,"href":"https:\/\/arbetarkultur.se\/index.php?rest_route=%2Fwp%2Fv2%2Fcategories&post=526"},{"taxonomy":"post_tag","embeddable":true,"href":"https:\/\/arbetarkultur.se\/index.php?rest_route=%2Fwp%2Fv2%2Ftags&post=526"}],"curies":[{"name":"wp","href":"https:\/\/api.w.org\/{rel}","templated":true}]}}