{"id":530,"date":"2019-02-05T16:30:10","date_gmt":"2019-02-05T16:30:10","guid":{"rendered":"http:\/\/arbetarkultur.se\/?p=530"},"modified":"2019-04-25T14:59:49","modified_gmt":"2019-04-25T14:59:49","slug":"kvinnorna-i-arbetarrorelsen","status":"publish","type":"post","link":"https:\/\/arbetarkultur.se\/?p=530","title":{"rendered":"Kvinnorna i arbetarr\u00f6relsen"},"content":{"rendered":"<p>Fackligt och politiskt aktiva kvinnor i arbetarr\u00f6relsen hade att driva b\u00e5de klassfr\u00e5gor och kamp f\u00f6r j\u00e4mst\u00e4lldhet. Det var inte alltid s\u00e5 l\u00e4tt! Anne-Marie Lindgren f\u00f6rel\u00e4ser.<\/p>\n<p>M\u00e5ndag 29 april kl 18.00<\/p>\n<p>ABF-huset, Sveav\u00e4gen 41, Stockholm<\/p>\n<p>Fri entr\u00e9<\/p>\n<p>I v\u00e5r uppvaktning av LO-distriktet i samband med 100-\u00e5rsjubileet den 10 april har ABF Stockholm, Arbetarnas Kulturhistoriska S\u00e4llskap samt Arbetarr\u00f6relsens arkiv och bibliotek \u00f6verl\u00e4mnat som g\u00e5va tre seminarier som genomf\u00f6rs i ABF-huset under v\u00e5ren.\u00a0 Detta \u00e4r ett av dem.<\/p>\n","protected":false},"excerpt":{"rendered":"<p>Fackligt och politiskt aktiva kvinnor i arbetarr\u00f6relsen hade att driva b\u00e5de klassfr\u00e5gor och kamp f\u00f6r j\u00e4mst\u00e4lldhet. Det var inte alltid s\u00e5 l\u00e4tt! Anne-Marie Lindgren&#8230;<\/p>\n","protected":false},"author":1,"featured_media":0,"comment_status":"open","ping_status":"open","sticky":false,"template":"","format":"standard","meta":{"footnotes":""},"categories":[1,9],"tags":[],"class_list":["post-530","post","type-post","status-publish","format-standard","hentry","category-nyheter","category-seminarier-och-moten"],"_links":{"self":[{"href":"https:\/\/arbetarkultur.se\/index.php?rest_route=\/wp\/v2\/posts\/530","targetHints":{"allow":["GET"]}}],"collection":[{"href":"https:\/\/arbetarkultur.se\/index.php?rest_route=\/wp\/v2\/posts"}],"about":[{"href":"https:\/\/arbetarkultur.se\/index.php?rest_route=\/wp\/v2\/types\/post"}],"author":[{"embeddable":true,"href":"https:\/\/arbetarkultur.se\/index.php?rest_route=\/wp\/v2\/users\/1"}],"replies":[{"embeddable":true,"href":"https:\/\/arbetarkultur.se\/index.php?rest_route=%2Fwp%2Fv2%2Fcomments&post=530"}],"version-history":[{"count":2,"href":"https:\/\/arbetarkultur.se\/index.php?rest_route=\/wp\/v2\/posts\/530\/revisions"}],"predecessor-version":[{"id":540,"href":"https:\/\/arbetarkultur.se\/index.php?rest_route=\/wp\/v2\/posts\/530\/revisions\/540"}],"wp:attachment":[{"href":"https:\/\/arbetarkultur.se\/index.php?rest_route=%2Fwp%2Fv2%2Fmedia&parent=530"}],"wp:term":[{"taxonomy":"category","embeddable":true,"href":"https:\/\/arbetarkultur.se\/index.php?rest_route=%2Fwp%2Fv2%2Fcategories&post=530"},{"taxonomy":"post_tag","embeddable":true,"href":"https:\/\/arbetarkultur.se\/index.php?rest_route=%2Fwp%2Fv2%2Ftags&post=530"}],"curies":[{"name":"wp","href":"https:\/\/api.w.org\/{rel}","templated":true}]}}