{"id":554,"date":"2019-09-26T13:53:55","date_gmt":"2019-09-26T13:53:55","guid":{"rendered":"http:\/\/arbetarkultur.se\/?p=554"},"modified":"2019-11-28T10:57:27","modified_gmt":"2019-11-28T10:57:27","slug":"vad-ar-socialdemokrati-en-bok-om-ideer-och-utmaningar","status":"publish","type":"post","link":"https:\/\/arbetarkultur.se\/?p=554","title":{"rendered":"Obs! Nytt datum Vad \u00e4r socialdemokrati?"},"content":{"rendered":"<p>Ingvar Carlsson och Ann-Marie Lindgren har utkommit med den sjunde och omarbetade versionen sedan 1974 av denna skrift. En bok om socialdemokratisk ideologi. Den handlar om de socialdemokratiska v\u00e4rderingarna, men ocks\u00e5 om den samh\u00e4llsteori som anv\u00e4nds f\u00f6r att f\u00f6rklara samh\u00e4llsutvecklingen. Bokens slutkapitel beskriver socialdemokratins framtida utmaningar.<\/p>\n<p>Torsdag 12 december kl. 12.00 &#8211; 13.00 &#8217;<\/p>\n<p>ABF-huset, Sveav\u00e4gen 41, Stockholm<\/p>\n<p>Fri entr\u00e9.<\/p>\n<p>Anm\u00e4lan via Tankesmedjan Tidens hemsida.<\/p>\n<p><span style=\"display: inline !important; float: none; background-color: transparent; color: #333333; cursor: text; font-family: Georgia,'Times New Roman','Bitstream Charter',Times,serif; font-size: 16px; font-style: normal; font-variant: normal; font-weight: 400; letter-spacing: normal; orphans: 2; text-align: left; text-decoration: none; text-indent: 0px; text-transform: none; -webkit-text-stroke-width: 0px; white-space: normal; word-spacing: 0px;\">Arrangeras av ABF, AKS och Arbetarr\u00f6relsens arkiv och bibliotek.<\/span><\/p>\n","protected":false},"excerpt":{"rendered":"<p>Ingvar Carlsson och Ann-Marie Lindgren har utkommit med den sjunde och omarbetade versionen sedan 1974 av denna skrift. En bok om socialdemokratisk ideologi. Den&#8230;<\/p>\n","protected":false},"author":1,"featured_media":0,"comment_status":"open","ping_status":"open","sticky":false,"template":"","format":"standard","meta":{"footnotes":""},"categories":[1,9],"tags":[],"class_list":["post-554","post","type-post","status-publish","format-standard","hentry","category-nyheter","category-seminarier-och-moten"],"_links":{"self":[{"href":"https:\/\/arbetarkultur.se\/index.php?rest_route=\/wp\/v2\/posts\/554","targetHints":{"allow":["GET"]}}],"collection":[{"href":"https:\/\/arbetarkultur.se\/index.php?rest_route=\/wp\/v2\/posts"}],"about":[{"href":"https:\/\/arbetarkultur.se\/index.php?rest_route=\/wp\/v2\/types\/post"}],"author":[{"embeddable":true,"href":"https:\/\/arbetarkultur.se\/index.php?rest_route=\/wp\/v2\/users\/1"}],"replies":[{"embeddable":true,"href":"https:\/\/arbetarkultur.se\/index.php?rest_route=%2Fwp%2Fv2%2Fcomments&post=554"}],"version-history":[{"count":4,"href":"https:\/\/arbetarkultur.se\/index.php?rest_route=\/wp\/v2\/posts\/554\/revisions"}],"predecessor-version":[{"id":613,"href":"https:\/\/arbetarkultur.se\/index.php?rest_route=\/wp\/v2\/posts\/554\/revisions\/613"}],"wp:attachment":[{"href":"https:\/\/arbetarkultur.se\/index.php?rest_route=%2Fwp%2Fv2%2Fmedia&parent=554"}],"wp:term":[{"taxonomy":"category","embeddable":true,"href":"https:\/\/arbetarkultur.se\/index.php?rest_route=%2Fwp%2Fv2%2Fcategories&post=554"},{"taxonomy":"post_tag","embeddable":true,"href":"https:\/\/arbetarkultur.se\/index.php?rest_route=%2Fwp%2Fv2%2Ftags&post=554"}],"curies":[{"name":"wp","href":"https:\/\/api.w.org\/{rel}","templated":true}]}}