{"id":558,"date":"2019-09-26T13:55:52","date_gmt":"2019-09-26T13:55:52","guid":{"rendered":"http:\/\/arbetarkultur.se\/?p=558"},"modified":"2019-09-26T14:10:01","modified_gmt":"2019-09-26T14:10:01","slug":"allsang-kamp-och-frihetssanger","status":"publish","type":"post","link":"https:\/\/arbetarkultur.se\/?p=558","title":{"rendered":"Alls\u00e5ng \u2013 Kamp- och frihetss\u00e5nger"},"content":{"rendered":"<p>Vi sjunger alls\u00e5ng under ledning av k\u00f6rledarna Jesper Eneroth och Robert Robertsson.<\/p>\n<p>S\u00f6ndag 8 december kl 13.00.<\/p>\n<p>ABF-huset, Sveav\u00e4gen 41, Stockholm<\/p>\n<p>Fri entr\u00e9<\/p>\n<p><span style=\"display: inline !important; float: none; background-color: transparent; color: #333333; cursor: text; font-family: Georgia,'Times New Roman','Bitstream Charter',Times,serif; font-size: 16px; font-style: normal; font-variant: normal; font-weight: 400; letter-spacing: normal; orphans: 2; text-align: left; text-decoration: none; text-indent: 0px; text-transform: none; -webkit-text-stroke-width: 0px; white-space: normal; word-spacing: 0px;\">Arrangeras av ABF, AKS och Arbetarr\u00f6relsens arkiv och bibliotek.<\/span><\/p>\n","protected":false},"excerpt":{"rendered":"<p>Vi sjunger alls\u00e5ng under ledning av k\u00f6rledarna Jesper Eneroth och Robert Robertsson. S\u00f6ndag 8 december kl 13.00. ABF-huset, Sveav\u00e4gen 41, Stockholm Fri entr\u00e9 Arrangeras&#8230;<\/p>\n","protected":false},"author":1,"featured_media":0,"comment_status":"open","ping_status":"open","sticky":false,"template":"","format":"standard","meta":{"footnotes":""},"categories":[1],"tags":[],"class_list":["post-558","post","type-post","status-publish","format-standard","hentry","category-nyheter"],"_links":{"self":[{"href":"https:\/\/arbetarkultur.se\/index.php?rest_route=\/wp\/v2\/posts\/558","targetHints":{"allow":["GET"]}}],"collection":[{"href":"https:\/\/arbetarkultur.se\/index.php?rest_route=\/wp\/v2\/posts"}],"about":[{"href":"https:\/\/arbetarkultur.se\/index.php?rest_route=\/wp\/v2\/types\/post"}],"author":[{"embeddable":true,"href":"https:\/\/arbetarkultur.se\/index.php?rest_route=\/wp\/v2\/users\/1"}],"replies":[{"embeddable":true,"href":"https:\/\/arbetarkultur.se\/index.php?rest_route=%2Fwp%2Fv2%2Fcomments&post=558"}],"version-history":[{"count":2,"href":"https:\/\/arbetarkultur.se\/index.php?rest_route=\/wp\/v2\/posts\/558\/revisions"}],"predecessor-version":[{"id":576,"href":"https:\/\/arbetarkultur.se\/index.php?rest_route=\/wp\/v2\/posts\/558\/revisions\/576"}],"wp:attachment":[{"href":"https:\/\/arbetarkultur.se\/index.php?rest_route=%2Fwp%2Fv2%2Fmedia&parent=558"}],"wp:term":[{"taxonomy":"category","embeddable":true,"href":"https:\/\/arbetarkultur.se\/index.php?rest_route=%2Fwp%2Fv2%2Fcategories&post=558"},{"taxonomy":"post_tag","embeddable":true,"href":"https:\/\/arbetarkultur.se\/index.php?rest_route=%2Fwp%2Fv2%2Ftags&post=558"}],"curies":[{"name":"wp","href":"https:\/\/api.w.org\/{rel}","templated":true}]}}