{"id":568,"date":"2019-09-26T14:03:57","date_gmt":"2019-09-26T14:03:57","guid":{"rendered":"http:\/\/arbetarkultur.se\/?p=568"},"modified":"2019-09-26T14:06:10","modified_gmt":"2019-09-26T14:06:10","slug":"att-na-ut-arbetarhistoria-for-2000-talet","status":"publish","type":"post","link":"https:\/\/arbetarkultur.se\/?p=568","title":{"rendered":"Att n\u00e5 ut \u2013 Arbetarhistoria f\u00f6r 2000-talet"},"content":{"rendered":"<p>Svensk arbetarhistoria kan i m\u00e5ngt och mycket ses som ett framg\u00e5ngsrikt projekt, mycket forskning har producerats b\u00e5de av lokala gr\u00e4vcirklar, fackliga organisationer och av och med akademiska forskare. \u00c4nd\u00e5 saknas industrisamh\u00e4llets ber\u00e4ttelse i offentligheten. Det finns inget museum som skildrar 1900-talets historia och arbetarr\u00f6relsens samh\u00e4llsroll \u00e4r inte del av den historiekanon som l\u00e4rs ut i svenska skolb\u00f6cker. Under seminariet diskuterar f\u00f6retr\u00e4dare f\u00f6r de fackliga och politiska grenarna av arbetarr\u00f6relsen tillsammans med forskare m\u00f6jligheter och strategier att n\u00e5 ut med kunskapen om arbetarr\u00f6relsens historia, till en bredare allm\u00e4nhet och till medlemmarna i den svenska arbetarr\u00f6relsen.<\/p>\n<p>Torsdag 12 december kl 13.00-16.30,<\/p>\n<p>LO, Barnhusgatan 18<\/p>\n<p>Anm\u00e4lan senast 9 december p\u00e5 www.arbark.se.<\/p>\n<p>Arrangeras av ABF, AKS och Arbetarr\u00f6relsens arkiv och bibliotek.<\/p>\n","protected":false},"excerpt":{"rendered":"<p>Svensk arbetarhistoria kan i m\u00e5ngt och mycket ses som ett framg\u00e5ngsrikt projekt, mycket forskning har producerats b\u00e5de av lokala gr\u00e4vcirklar, fackliga organisationer och av&#8230;<\/p>\n","protected":false},"author":1,"featured_media":0,"comment_status":"open","ping_status":"open","sticky":false,"template":"","format":"standard","meta":{"footnotes":""},"categories":[1,9],"tags":[],"class_list":["post-568","post","type-post","status-publish","format-standard","hentry","category-nyheter","category-seminarier-och-moten"],"_links":{"self":[{"href":"https:\/\/arbetarkultur.se\/index.php?rest_route=\/wp\/v2\/posts\/568","targetHints":{"allow":["GET"]}}],"collection":[{"href":"https:\/\/arbetarkultur.se\/index.php?rest_route=\/wp\/v2\/posts"}],"about":[{"href":"https:\/\/arbetarkultur.se\/index.php?rest_route=\/wp\/v2\/types\/post"}],"author":[{"embeddable":true,"href":"https:\/\/arbetarkultur.se\/index.php?rest_route=\/wp\/v2\/users\/1"}],"replies":[{"embeddable":true,"href":"https:\/\/arbetarkultur.se\/index.php?rest_route=%2Fwp%2Fv2%2Fcomments&post=568"}],"version-history":[{"count":2,"href":"https:\/\/arbetarkultur.se\/index.php?rest_route=\/wp\/v2\/posts\/568\/revisions"}],"predecessor-version":[{"id":570,"href":"https:\/\/arbetarkultur.se\/index.php?rest_route=\/wp\/v2\/posts\/568\/revisions\/570"}],"wp:attachment":[{"href":"https:\/\/arbetarkultur.se\/index.php?rest_route=%2Fwp%2Fv2%2Fmedia&parent=568"}],"wp:term":[{"taxonomy":"category","embeddable":true,"href":"https:\/\/arbetarkultur.se\/index.php?rest_route=%2Fwp%2Fv2%2Fcategories&post=568"},{"taxonomy":"post_tag","embeddable":true,"href":"https:\/\/arbetarkultur.se\/index.php?rest_route=%2Fwp%2Fv2%2Ftags&post=568"}],"curies":[{"name":"wp","href":"https:\/\/api.w.org\/{rel}","templated":true}]}}