{"id":610,"date":"2019-11-28T10:48:45","date_gmt":"2019-11-28T10:48:45","guid":{"rendered":"http:\/\/arbetarkultur.se\/?p=610"},"modified":"2019-11-28T10:48:45","modified_gmt":"2019-11-28T10:48:45","slug":"palme-och-arbetarna-ny-bok","status":"publish","type":"post","link":"https:\/\/arbetarkultur.se\/?p=610","title":{"rendered":"Palme och arbetarna &#8211; ny bok"},"content":{"rendered":"\n<p><em>Jean Hermanson<\/em> var under 60- och 70-talen en av landets mest betydande dokument\u00e4rfotografer. Val\u00e5ret 1968 fick han chansen att f\u00f6lja med den unge utbildningsministern Olof Palme vid dennes bes\u00f6k p\u00e5 olika byggarbetsplatser, en rundresa som kommit att bli historisk. Boken Palme och arbetarna \u00e5terger en fullst\u00e4ndigt unik bildsamling. Till fotografierna h\u00f6r en kommenterande text av journalisten och f\u00f6rfattaren <em>G\u00f6ran Greider.<\/em><\/p>\n\n\n\n<p><br> Boken presenteras av G\u00f6ran Greider och f\u00f6rlaget Historiska Media med kommentarer av Lena R\u00e5dstr\u00f6m Baastad, partisekreterare (S).<\/p>\n\n\n\n<blockquote class=\"wp-block-quote is-layout-flow wp-block-quote-is-layout-flow\"><p>Onsdag 4 december kl 14.30 | ABF-huset, Sveav\u00e4gen 41 | Fri entr\u00e9<\/p><p>Arrangeras av ABF, AKS och Arbetarr\u00f6relsens arkiv och bibliotek<\/p><\/blockquote>\n","protected":false},"excerpt":{"rendered":"<p>Jean Hermanson var under 60- och 70-talen en av landets mest betydande dokument\u00e4rfotografer. Val\u00e5ret 1968 fick han chansen att f\u00f6lja med den unge utbildningsministern&#8230;<\/p>\n","protected":false},"author":1,"featured_media":0,"comment_status":"open","ping_status":"open","sticky":false,"template":"","format":"standard","meta":{"footnotes":""},"categories":[9],"tags":[],"class_list":["post-610","post","type-post","status-publish","format-standard","hentry","category-seminarier-och-moten"],"_links":{"self":[{"href":"https:\/\/arbetarkultur.se\/index.php?rest_route=\/wp\/v2\/posts\/610","targetHints":{"allow":["GET"]}}],"collection":[{"href":"https:\/\/arbetarkultur.se\/index.php?rest_route=\/wp\/v2\/posts"}],"about":[{"href":"https:\/\/arbetarkultur.se\/index.php?rest_route=\/wp\/v2\/types\/post"}],"author":[{"embeddable":true,"href":"https:\/\/arbetarkultur.se\/index.php?rest_route=\/wp\/v2\/users\/1"}],"replies":[{"embeddable":true,"href":"https:\/\/arbetarkultur.se\/index.php?rest_route=%2Fwp%2Fv2%2Fcomments&post=610"}],"version-history":[{"count":1,"href":"https:\/\/arbetarkultur.se\/index.php?rest_route=\/wp\/v2\/posts\/610\/revisions"}],"predecessor-version":[{"id":611,"href":"https:\/\/arbetarkultur.se\/index.php?rest_route=\/wp\/v2\/posts\/610\/revisions\/611"}],"wp:attachment":[{"href":"https:\/\/arbetarkultur.se\/index.php?rest_route=%2Fwp%2Fv2%2Fmedia&parent=610"}],"wp:term":[{"taxonomy":"category","embeddable":true,"href":"https:\/\/arbetarkultur.se\/index.php?rest_route=%2Fwp%2Fv2%2Fcategories&post=610"},{"taxonomy":"post_tag","embeddable":true,"href":"https:\/\/arbetarkultur.se\/index.php?rest_route=%2Fwp%2Fv2%2Ftags&post=610"}],"curies":[{"name":"wp","href":"https:\/\/api.w.org\/{rel}","templated":true}]}}