{"id":615,"date":"2020-02-01T12:00:12","date_gmt":"2020-02-01T12:00:12","guid":{"rendered":"http:\/\/arbetarkultur.se\/?p=615"},"modified":"2020-02-01T12:00:12","modified_gmt":"2020-02-01T12:00:12","slug":"arbetarlitteraturens-dag-2","status":"publish","type":"post","link":"https:\/\/arbetarkultur.se\/?p=615","title":{"rendered":"Arbetarlitteraturens dag"},"content":{"rendered":"\n<p>V\u00e4lkommen till Arbetarlitteraturens dag 8 februari kl 11.00\u201315.<\/p>\n\n\n\n<p><\/p>\n\n\n\n<p><strong>Program<\/strong><\/p>\n\n\n\n<p>11.00 V\u00e4lkomsth\u00e4lsning \u2013 Hans Larsson, bibliotekschef p\u00e5 Arbetarr\u00f6relsens arkiv  och bibliotek <\/p>\n\n\n\n<p>11.15 Arbetarr\u00f6relsens arkiv och bibliotek \u2013 om arbetarf\u00f6rfattare och arkivbildningar <\/p>\n\n\n\n<p>12.00 Lunchsm\u00f6rg\u00e5s till sj\u00e4lvkostnadspris <\/p>\n\n\n\n<p>12.45 Lennart Rhodin, ordf\u00f6rande  i Gunnar Kieri-s\u00e4llskapet, ber\u00e4ttar om  F\u00f6rsta arbetskompaniet Storsien \u2013 en bok om politisk internering 1939-1940, av Gunnar Kieri och Ivar Sundstr\u00f6m <\/p>\n\n\n\n<p>13.30 Presentation av de litter\u00e4ra s\u00e4llskapen <\/p>\n\n\n\n<p>15.30 Avslutning<\/p>\n\n\n\n<p>Dagen anordnas p\u00e5 rbetarr\u00f6relsens arkiv och bibliotek, Elektronv\u00e4gen 2, Huddinge. Pendelt\u00e5gsstation Flemingsberg.                                        Evenemanget \u00e4r ett samarbete mellan Arbetarr\u00f6relsens arkiv och bibliotek, ABF Stockholm och AKS. Litteraturs\u00e4llskapen f\u00f6r arbetarf\u00f6rfattare och F\u00f6reningen Arbetarskrivare medverkar.<\/p>\n","protected":false},"excerpt":{"rendered":"<p>V\u00e4lkommen till Arbetarlitteraturens dag 8 februari kl 11.00\u201315. Program 11.00 V\u00e4lkomsth\u00e4lsning \u2013 Hans Larsson, bibliotekschef p\u00e5 Arbetarr\u00f6relsens arkiv och bibliotek 11.15 Arbetarr\u00f6relsens arkiv och&#8230;<\/p>\n","protected":false},"author":1,"featured_media":0,"comment_status":"open","ping_status":"open","sticky":false,"template":"","format":"standard","meta":{"footnotes":""},"categories":[1,9],"tags":[],"class_list":["post-615","post","type-post","status-publish","format-standard","hentry","category-nyheter","category-seminarier-och-moten"],"_links":{"self":[{"href":"https:\/\/arbetarkultur.se\/index.php?rest_route=\/wp\/v2\/posts\/615","targetHints":{"allow":["GET"]}}],"collection":[{"href":"https:\/\/arbetarkultur.se\/index.php?rest_route=\/wp\/v2\/posts"}],"about":[{"href":"https:\/\/arbetarkultur.se\/index.php?rest_route=\/wp\/v2\/types\/post"}],"author":[{"embeddable":true,"href":"https:\/\/arbetarkultur.se\/index.php?rest_route=\/wp\/v2\/users\/1"}],"replies":[{"embeddable":true,"href":"https:\/\/arbetarkultur.se\/index.php?rest_route=%2Fwp%2Fv2%2Fcomments&post=615"}],"version-history":[{"count":1,"href":"https:\/\/arbetarkultur.se\/index.php?rest_route=\/wp\/v2\/posts\/615\/revisions"}],"predecessor-version":[{"id":616,"href":"https:\/\/arbetarkultur.se\/index.php?rest_route=\/wp\/v2\/posts\/615\/revisions\/616"}],"wp:attachment":[{"href":"https:\/\/arbetarkultur.se\/index.php?rest_route=%2Fwp%2Fv2%2Fmedia&parent=615"}],"wp:term":[{"taxonomy":"category","embeddable":true,"href":"https:\/\/arbetarkultur.se\/index.php?rest_route=%2Fwp%2Fv2%2Fcategories&post=615"},{"taxonomy":"post_tag","embeddable":true,"href":"https:\/\/arbetarkultur.se\/index.php?rest_route=%2Fwp%2Fv2%2Ftags&post=615"}],"curies":[{"name":"wp","href":"https:\/\/api.w.org\/{rel}","templated":true}]}}