{"id":617,"date":"2020-02-01T12:03:22","date_gmt":"2020-02-01T12:03:22","guid":{"rendered":"http:\/\/arbetarkultur.se\/?p=617"},"modified":"2020-02-01T12:13:23","modified_gmt":"2020-02-01T12:13:23","slug":"att-nu-ut-arbetarhistoria-for-2000-talet","status":"publish","type":"post","link":"https:\/\/arbetarkultur.se\/?p=617","title":{"rendered":"Att n\u00e5 ut &#8211; arbetarhistoria f\u00f6r 2000-talet"},"content":{"rendered":"\n<p>Ett seminarium med f\u00f6retr\u00e4dare f\u00f6r de fackliga och politiska grenarna av arbetarr\u00f6relsen, tillsammans med forskare, diskuterar m\u00f6jligheter och strategier f\u00f6r att n\u00e5 ut med kunskapen om arbetarr\u00f6relsens historia till en bredare allm\u00e4nhet och till medlemmarna i den svenska arbetarr\u00f6relsen. \u2022 <\/p>\n\n\n\n<p>Tisd 11 februari kl 13.00-16.30 | LO, Barnhusgatan 18, Stockholm | Fri entr\u00e9 | Anm\u00e4lan senast 7\/2 till www.arbark.se<\/p>\n\n\n\n<p>Arrangeras av ABF, AKS och Arbetarr\u00f6relsens arkiv och bibliotek<\/p>\n","protected":false},"excerpt":{"rendered":"<p>Ett seminarium med f\u00f6retr\u00e4dare f\u00f6r de fackliga och politiska grenarna av arbetarr\u00f6relsen, tillsammans med forskare, diskuterar m\u00f6jligheter och strategier f\u00f6r att n\u00e5 ut med&#8230;<\/p>\n","protected":false},"author":1,"featured_media":0,"comment_status":"open","ping_status":"open","sticky":false,"template":"","format":"standard","meta":{"footnotes":""},"categories":[9],"tags":[],"class_list":["post-617","post","type-post","status-publish","format-standard","hentry","category-seminarier-och-moten"],"_links":{"self":[{"href":"https:\/\/arbetarkultur.se\/index.php?rest_route=\/wp\/v2\/posts\/617","targetHints":{"allow":["GET"]}}],"collection":[{"href":"https:\/\/arbetarkultur.se\/index.php?rest_route=\/wp\/v2\/posts"}],"about":[{"href":"https:\/\/arbetarkultur.se\/index.php?rest_route=\/wp\/v2\/types\/post"}],"author":[{"embeddable":true,"href":"https:\/\/arbetarkultur.se\/index.php?rest_route=\/wp\/v2\/users\/1"}],"replies":[{"embeddable":true,"href":"https:\/\/arbetarkultur.se\/index.php?rest_route=%2Fwp%2Fv2%2Fcomments&post=617"}],"version-history":[{"count":2,"href":"https:\/\/arbetarkultur.se\/index.php?rest_route=\/wp\/v2\/posts\/617\/revisions"}],"predecessor-version":[{"id":627,"href":"https:\/\/arbetarkultur.se\/index.php?rest_route=\/wp\/v2\/posts\/617\/revisions\/627"}],"wp:attachment":[{"href":"https:\/\/arbetarkultur.se\/index.php?rest_route=%2Fwp%2Fv2%2Fmedia&parent=617"}],"wp:term":[{"taxonomy":"category","embeddable":true,"href":"https:\/\/arbetarkultur.se\/index.php?rest_route=%2Fwp%2Fv2%2Fcategories&post=617"},{"taxonomy":"post_tag","embeddable":true,"href":"https:\/\/arbetarkultur.se\/index.php?rest_route=%2Fwp%2Fv2%2Ftags&post=617"}],"curies":[{"name":"wp","href":"https:\/\/api.w.org\/{rel}","templated":true}]}}