{"id":690,"date":"2021-04-28T08:59:55","date_gmt":"2021-04-28T08:59:55","guid":{"rendered":"http:\/\/arbetarkultur.se\/?p=690"},"modified":"2021-04-28T08:59:55","modified_gmt":"2021-04-28T08:59:55","slug":"pariskommunen-150-ar","status":"publish","type":"post","link":"https:\/\/arbetarkultur.se\/?p=690","title":{"rendered":"Pariskommunen 150 \u00e5r"},"content":{"rendered":"\n<p>Bland kommunarder, petrol\u00f6ser och socialister<\/p>\n\n\n\n<p>\u00c4nnu i b\u00f6rjan av maj 1871\nlevde hoppet om Kommunen i Paris d\u00e4r kastanjerna blommade, Vendomekolonnen\nst\u00f6rtades och folket hade makten. Men snart skulle \u201dden blodiga veckan\u201d inledas\nsom satte punkt f\u00f6r socialismens f\u00f6rsta f\u00f6rs\u00f6k. <\/p>\n\n\n\n<p>Historikern H\u00e5kan Blomqvist ger inblick i Kommunens omtumlande\ndagar.<\/p>\n\n\n\n<p><strong>Digitalt\nseminarium om&nbsp;<em>Pariskommunen \u00e4ger<\/em> rum onsdag 5 maj kl 15.00 p\u00e5\nArbetarnas Kulturhistoriska S\u00e4llskaps facebooksida och Arena Id\u00e9s Facebooksida\neller g\u00e5 in p\u00e5 <\/strong><a href=\"https:\/\/www.arenaide.se\">www.arenaide.se<\/a><\/p>\n\n\n\n<p>Arrangeras av Arbetarnas Kulturhistoriska S\u00e4llskap, Arbetarr\u00f6relsens arkiv och bibliotek, ABF Stockholm, ABF G\u00f6teborg, Arena Id\u00e9<\/p>\n","protected":false},"excerpt":{"rendered":"<p>Bland kommunarder, petrol\u00f6ser och socialister \u00c4nnu i b\u00f6rjan av maj 1871 levde hoppet om Kommunen i Paris d\u00e4r kastanjerna blommade, Vendomekolonnen st\u00f6rtades och folket&#8230;<\/p>\n","protected":false},"author":1,"featured_media":0,"comment_status":"open","ping_status":"open","sticky":false,"template":"","format":"standard","meta":{"footnotes":""},"categories":[1],"tags":[],"class_list":["post-690","post","type-post","status-publish","format-standard","hentry","category-nyheter"],"_links":{"self":[{"href":"https:\/\/arbetarkultur.se\/index.php?rest_route=\/wp\/v2\/posts\/690","targetHints":{"allow":["GET"]}}],"collection":[{"href":"https:\/\/arbetarkultur.se\/index.php?rest_route=\/wp\/v2\/posts"}],"about":[{"href":"https:\/\/arbetarkultur.se\/index.php?rest_route=\/wp\/v2\/types\/post"}],"author":[{"embeddable":true,"href":"https:\/\/arbetarkultur.se\/index.php?rest_route=\/wp\/v2\/users\/1"}],"replies":[{"embeddable":true,"href":"https:\/\/arbetarkultur.se\/index.php?rest_route=%2Fwp%2Fv2%2Fcomments&post=690"}],"version-history":[{"count":1,"href":"https:\/\/arbetarkultur.se\/index.php?rest_route=\/wp\/v2\/posts\/690\/revisions"}],"predecessor-version":[{"id":691,"href":"https:\/\/arbetarkultur.se\/index.php?rest_route=\/wp\/v2\/posts\/690\/revisions\/691"}],"wp:attachment":[{"href":"https:\/\/arbetarkultur.se\/index.php?rest_route=%2Fwp%2Fv2%2Fmedia&parent=690"}],"wp:term":[{"taxonomy":"category","embeddable":true,"href":"https:\/\/arbetarkultur.se\/index.php?rest_route=%2Fwp%2Fv2%2Fcategories&post=690"},{"taxonomy":"post_tag","embeddable":true,"href":"https:\/\/arbetarkultur.se\/index.php?rest_route=%2Fwp%2Fv2%2Ftags&post=690"}],"curies":[{"name":"wp","href":"https:\/\/api.w.org\/{rel}","templated":true}]}}