{"id":693,"date":"2021-05-06T14:41:40","date_gmt":"2021-05-06T14:41:40","guid":{"rendered":"http:\/\/arbetarkultur.se\/?p=693"},"modified":"2021-05-06T14:41:40","modified_gmt":"2021-05-06T14:41:40","slug":"varvsslammer","status":"publish","type":"post","link":"https:\/\/arbetarkultur.se\/?p=693","title":{"rendered":"Varvsslammer"},"content":{"rendered":"\n<p>\u201dVARVSSLAMMER&#8221; av f\u00f6rfattaren Aino Trosell kastar in dig i slamret och r\u00f6ken p\u00e5 ett varv. Ramen \u00e4r tung industri, gnistor, buller och r\u00f6k. Inneh\u00e5llet \u00e4r m\u00e4nniskors relationer, dr\u00f6mmar och k\u00e4nslor. <br> <\/p>\n\n\n\n<p>Aino Trosell ber\u00e4ttar om sin bok; &#8221;form, syfte och bakgrund. Man f\u00e5r g\u00e4rna avbryta. Jag \u00e4r ingen historiker, dock ett fossil som var med om en viktig epok i G\u00f6teborgs och Sveriges industrihistoria.\u201d<\/p>\n\n\n\n<p>M\u00e5ndagen 10 maj kl 15.00. Seminariet sker digitalt och kan ses och h\u00f6ras p\u00e5 Arbetarnas Kulturhistoriska S\u00e4llskaps facebooksida, liksom Arenagruppens facebook . F\u00f6r den som inte \u00e4r med p\u00e5 facebook: <\/p>\n\n\n\n<figure class=\"wp-block-embed-wordpress wp-block-embed is-type-wp-embed is-provider-arenagruppen\"><div class=\"wp-block-embed__wrapper\">\n<blockquote class=\"wp-embedded-content\" data-secret=\"yYDCFpgHJh\"><a href=\"https:\/\/arenagruppen.se\/kalender\/varvsslammer\/\">Varvsslammer<\/a><\/blockquote><iframe loading=\"lazy\" class=\"wp-embedded-content\" sandbox=\"allow-scripts\" security=\"restricted\" style=\"position: absolute; clip: rect(1px, 1px, 1px, 1px);\" title=\"\u201dVarvsslammer\u201d &ndash; Arenagruppen\" src=\"https:\/\/arenagruppen.se\/kalender\/varvsslammer\/embed\/#?secret=YuchWmu4oG#?secret=yYDCFpgHJh\" data-secret=\"yYDCFpgHJh\" width=\"600\" height=\"338\" frameborder=\"0\" marginwidth=\"0\" marginheight=\"0\" scrolling=\"no\"><\/iframe>\n<\/div><\/figure>\n\n\n\n<p>T\u00e4nk\nd\u00e5 p\u00e5 att g\u00e5 in cirka fem minuter innan s\u00e5 att sidan uppdateras!<\/p>\n\n\n\n<p>Arrang\u00f6rer\n\u00e4r AKS, Arbetarr\u00f6relsens arkiv och bibliotek, ABF Stockholm, ABF G\u00f6teborg och\nArena id\u00e9.<\/p>\n","protected":false},"excerpt":{"rendered":"<p>\u201dVARVSSLAMMER&#8221; av f\u00f6rfattaren Aino Trosell kastar in dig i slamret och r\u00f6ken p\u00e5 ett varv. Ramen \u00e4r tung industri, gnistor, buller och r\u00f6k. Inneh\u00e5llet&#8230;<\/p>\n","protected":false},"author":1,"featured_media":0,"comment_status":"open","ping_status":"open","sticky":false,"template":"","format":"standard","meta":{"footnotes":""},"categories":[1],"tags":[],"class_list":["post-693","post","type-post","status-publish","format-standard","hentry","category-nyheter"],"_links":{"self":[{"href":"https:\/\/arbetarkultur.se\/index.php?rest_route=\/wp\/v2\/posts\/693","targetHints":{"allow":["GET"]}}],"collection":[{"href":"https:\/\/arbetarkultur.se\/index.php?rest_route=\/wp\/v2\/posts"}],"about":[{"href":"https:\/\/arbetarkultur.se\/index.php?rest_route=\/wp\/v2\/types\/post"}],"author":[{"embeddable":true,"href":"https:\/\/arbetarkultur.se\/index.php?rest_route=\/wp\/v2\/users\/1"}],"replies":[{"embeddable":true,"href":"https:\/\/arbetarkultur.se\/index.php?rest_route=%2Fwp%2Fv2%2Fcomments&post=693"}],"version-history":[{"count":1,"href":"https:\/\/arbetarkultur.se\/index.php?rest_route=\/wp\/v2\/posts\/693\/revisions"}],"predecessor-version":[{"id":694,"href":"https:\/\/arbetarkultur.se\/index.php?rest_route=\/wp\/v2\/posts\/693\/revisions\/694"}],"wp:attachment":[{"href":"https:\/\/arbetarkultur.se\/index.php?rest_route=%2Fwp%2Fv2%2Fmedia&parent=693"}],"wp:term":[{"taxonomy":"category","embeddable":true,"href":"https:\/\/arbetarkultur.se\/index.php?rest_route=%2Fwp%2Fv2%2Fcategories&post=693"},{"taxonomy":"post_tag","embeddable":true,"href":"https:\/\/arbetarkultur.se\/index.php?rest_route=%2Fwp%2Fv2%2Ftags&post=693"}],"curies":[{"name":"wp","href":"https:\/\/api.w.org\/{rel}","templated":true}]}}