{"id":721,"date":"2021-09-06T10:47:37","date_gmt":"2021-09-06T10:47:37","guid":{"rendered":"http:\/\/arbetarkultur.se\/?p=721"},"modified":"2021-09-06T10:47:37","modified_gmt":"2021-09-06T10:47:37","slug":"vad-hade-erlander-gjort","status":"publish","type":"post","link":"https:\/\/arbetarkultur.se\/?p=721","title":{"rendered":"Vad hade Erlander gjort?"},"content":{"rendered":"\n<p><strong>&nbsp;6 September 2021 14.00-15.00<\/strong><\/p>\n\n\n\n<p><a href=\"https:\/\/www.facebook.com\/hejarenagruppen\">https:\/\/www.facebook.com\/hejarenagruppen<\/a><\/p>\n\n\n\n<p>Webbinariet kan ocks\u00e5 ses p\u00e5\nArenas hemsida fr o m dagen efter att det har s\u00e4nts.<\/p>\n\n\n\n<h3 class=\"wp-block-heading\">Hur ska vi besegra h\u00f6gern och\nvinna framtiden?<\/h3>\n\n\n\n<p>Med&nbsp;<strong>Daniel Suhonen<\/strong>&nbsp;fr\u00e5n\nReformisterna och id\u00e9institutet Katalys. Han \u00e4r f\u00f6rfattare till den nya\nboken&nbsp;<em>Vad\nhade Erlander gjort?.<\/em><\/p>\n\n\n\n<p>Webbinariet s\u00e4nds live p\u00e5\nArenagruppens Facebooksida.&nbsp; <\/p>\n\n\n\n<p>Arr: Arenagruppen, Arbetarnas\nKulturhistoriska S\u00e4llskap, ABF G\u00f6teborg och ABF Stockholm.<\/p>\n","protected":false},"excerpt":{"rendered":"<p>&nbsp;6 September 2021 14.00-15.00 https:\/\/www.facebook.com\/hejarenagruppen Webbinariet kan ocks\u00e5 ses p\u00e5 Arenas hemsida fr o m dagen efter att det har s\u00e4nts. Hur ska vi&#8230;<\/p>\n","protected":false},"author":1,"featured_media":0,"comment_status":"open","ping_status":"open","sticky":false,"template":"","format":"standard","meta":{"footnotes":""},"categories":[1,9],"tags":[],"class_list":["post-721","post","type-post","status-publish","format-standard","hentry","category-nyheter","category-seminarier-och-moten"],"_links":{"self":[{"href":"https:\/\/arbetarkultur.se\/index.php?rest_route=\/wp\/v2\/posts\/721","targetHints":{"allow":["GET"]}}],"collection":[{"href":"https:\/\/arbetarkultur.se\/index.php?rest_route=\/wp\/v2\/posts"}],"about":[{"href":"https:\/\/arbetarkultur.se\/index.php?rest_route=\/wp\/v2\/types\/post"}],"author":[{"embeddable":true,"href":"https:\/\/arbetarkultur.se\/index.php?rest_route=\/wp\/v2\/users\/1"}],"replies":[{"embeddable":true,"href":"https:\/\/arbetarkultur.se\/index.php?rest_route=%2Fwp%2Fv2%2Fcomments&post=721"}],"version-history":[{"count":2,"href":"https:\/\/arbetarkultur.se\/index.php?rest_route=\/wp\/v2\/posts\/721\/revisions"}],"predecessor-version":[{"id":723,"href":"https:\/\/arbetarkultur.se\/index.php?rest_route=\/wp\/v2\/posts\/721\/revisions\/723"}],"wp:attachment":[{"href":"https:\/\/arbetarkultur.se\/index.php?rest_route=%2Fwp%2Fv2%2Fmedia&parent=721"}],"wp:term":[{"taxonomy":"category","embeddable":true,"href":"https:\/\/arbetarkultur.se\/index.php?rest_route=%2Fwp%2Fv2%2Fcategories&post=721"},{"taxonomy":"post_tag","embeddable":true,"href":"https:\/\/arbetarkultur.se\/index.php?rest_route=%2Fwp%2Fv2%2Ftags&post=721"}],"curies":[{"name":"wp","href":"https:\/\/api.w.org\/{rel}","templated":true}]}}