{"id":727,"date":"2021-09-06T11:02:31","date_gmt":"2021-09-06T11:02:31","guid":{"rendered":"http:\/\/arbetarkultur.se\/?p=727"},"modified":"2021-09-06T11:02:31","modified_gmt":"2021-09-06T11:02:31","slug":"systrar-kamrater-kalendern-2022","status":"publish","type":"post","link":"https:\/\/arbetarkultur.se\/?p=727","title":{"rendered":"Systrar, kamrater -kalendern 2022"},"content":{"rendered":"\n<p>Nu \u00e4r det dags att best\u00e4lla almanackan 2022 med kvinnor i arbetarr\u00f6relsen. Denna g\u00e5ng presenteras bland andra Viran Wedberg-Larsson, Nancy Eriksson, Flora Tristan och Las trece rosas.<\/p>\n\n\n\n<p>Formatet \u00e4r A3 och varje m\u00e5nad illustreras med bild och text.  Almanackan kostar 100 kr plus porto.<\/p>\n\n\n\n<p>Mejla din best\u00e4llning till aks@arbark.se eller skicka den till AKS, Elektronv\u00e4gen 2, 141 49 Huddinge. Gl\u00f6m inte att uppge adressen dit du vill ha best\u00e4llningen. <\/p>\n\n\n\n<p>Utgivare: AKS samt Arbetarr\u00f6relsens arkiv och bibliotek. <\/p>\n","protected":false},"excerpt":{"rendered":"<p>Nu \u00e4r det dags att best\u00e4lla almanackan 2022 med kvinnor i arbetarr\u00f6relsen. Denna g\u00e5ng presenteras bland andra Viran Wedberg-Larsson, Nancy Eriksson, Flora Tristan och&#8230;<\/p>\n","protected":false},"author":1,"featured_media":0,"comment_status":"open","ping_status":"open","sticky":false,"template":"","format":"standard","meta":{"footnotes":""},"categories":[1],"tags":[],"class_list":["post-727","post","type-post","status-publish","format-standard","hentry","category-nyheter"],"_links":{"self":[{"href":"https:\/\/arbetarkultur.se\/index.php?rest_route=\/wp\/v2\/posts\/727","targetHints":{"allow":["GET"]}}],"collection":[{"href":"https:\/\/arbetarkultur.se\/index.php?rest_route=\/wp\/v2\/posts"}],"about":[{"href":"https:\/\/arbetarkultur.se\/index.php?rest_route=\/wp\/v2\/types\/post"}],"author":[{"embeddable":true,"href":"https:\/\/arbetarkultur.se\/index.php?rest_route=\/wp\/v2\/users\/1"}],"replies":[{"embeddable":true,"href":"https:\/\/arbetarkultur.se\/index.php?rest_route=%2Fwp%2Fv2%2Fcomments&post=727"}],"version-history":[{"count":2,"href":"https:\/\/arbetarkultur.se\/index.php?rest_route=\/wp\/v2\/posts\/727\/revisions"}],"predecessor-version":[{"id":729,"href":"https:\/\/arbetarkultur.se\/index.php?rest_route=\/wp\/v2\/posts\/727\/revisions\/729"}],"wp:attachment":[{"href":"https:\/\/arbetarkultur.se\/index.php?rest_route=%2Fwp%2Fv2%2Fmedia&parent=727"}],"wp:term":[{"taxonomy":"category","embeddable":true,"href":"https:\/\/arbetarkultur.se\/index.php?rest_route=%2Fwp%2Fv2%2Fcategories&post=727"},{"taxonomy":"post_tag","embeddable":true,"href":"https:\/\/arbetarkultur.se\/index.php?rest_route=%2Fwp%2Fv2%2Ftags&post=727"}],"curies":[{"name":"wp","href":"https:\/\/api.w.org\/{rel}","templated":true}]}}