{"id":754,"date":"2021-12-14T07:06:33","date_gmt":"2021-12-14T07:06:33","guid":{"rendered":"http:\/\/arbetarkultur.se\/?p=754"},"modified":"2021-12-14T07:06:33","modified_gmt":"2021-12-14T07:06:33","slug":"systrar-kamrater-2022","status":"publish","type":"post","link":"https:\/\/arbetarkultur.se\/?p=754","title":{"rendered":"Systrar, kamrater 2022"},"content":{"rendered":"\n<p>Passa p\u00e5 att k\u00f6pa en bildande julklapp till dina n\u00e4ra och varf\u00f6r inte till dig sj\u00e4lv? I v\u00e4ggalmanackan som \u00e4r i A3-format kan du varje m\u00e5nad h\u00f6ra olika kvinnors eller r\u00f6relsers r\u00f6ster som \u00e4r sprungna ur arbetarr\u00f6relsen, b\u00e5de svenska och internationella. <\/p>\n\n\n\n<p>Under 2022 m\u00f6ter du Flora Tristan, Martha Desrumaux, Viran Wedberg-Larsson, Jocaba &#8221;Co&#8221; Vijlbrief, Nancy Eriksson, Helene Bauer, Helena Lanzer-Sill\u00e9n, Wanda Lanzer, Las trece rosas, Monika Zak, Gunvor Nordstr\u00f6m, Elisabeth Tang, Arbeiterkind.de och Malin Klingzell-Brulin.<\/p>\n\n\n\n<p>Almnackan kostar 100 kr plus porto och best\u00e4lls fr\u00e5n: <\/p>\n\n\n\n<p>AKS, Elektronv\u00e4gen 2, 141 49 Huddinge eller aks@arbark.se<\/p>\n\n\n\n<p>Gl\u00f6m inte att uppge hur m\u00e5nga exemplar du vill best\u00e4lla, ditt namn, adress och e-post.<\/p>\n\n\n\n<p>Utgivare \u00e4r AKS och Arbetarr\u00f6relsens arkiv och bibliotek<\/p>\n","protected":false},"excerpt":{"rendered":"<p>Passa p\u00e5 att k\u00f6pa en bildande julklapp till dina n\u00e4ra och varf\u00f6r inte till dig sj\u00e4lv? I v\u00e4ggalmanackan som \u00e4r i A3-format kan du&#8230;<\/p>\n","protected":false},"author":1,"featured_media":0,"comment_status":"open","ping_status":"open","sticky":false,"template":"","format":"standard","meta":{"footnotes":""},"categories":[1],"tags":[],"class_list":["post-754","post","type-post","status-publish","format-standard","hentry","category-nyheter"],"_links":{"self":[{"href":"https:\/\/arbetarkultur.se\/index.php?rest_route=\/wp\/v2\/posts\/754","targetHints":{"allow":["GET"]}}],"collection":[{"href":"https:\/\/arbetarkultur.se\/index.php?rest_route=\/wp\/v2\/posts"}],"about":[{"href":"https:\/\/arbetarkultur.se\/index.php?rest_route=\/wp\/v2\/types\/post"}],"author":[{"embeddable":true,"href":"https:\/\/arbetarkultur.se\/index.php?rest_route=\/wp\/v2\/users\/1"}],"replies":[{"embeddable":true,"href":"https:\/\/arbetarkultur.se\/index.php?rest_route=%2Fwp%2Fv2%2Fcomments&post=754"}],"version-history":[{"count":1,"href":"https:\/\/arbetarkultur.se\/index.php?rest_route=\/wp\/v2\/posts\/754\/revisions"}],"predecessor-version":[{"id":755,"href":"https:\/\/arbetarkultur.se\/index.php?rest_route=\/wp\/v2\/posts\/754\/revisions\/755"}],"wp:attachment":[{"href":"https:\/\/arbetarkultur.se\/index.php?rest_route=%2Fwp%2Fv2%2Fmedia&parent=754"}],"wp:term":[{"taxonomy":"category","embeddable":true,"href":"https:\/\/arbetarkultur.se\/index.php?rest_route=%2Fwp%2Fv2%2Fcategories&post=754"},{"taxonomy":"post_tag","embeddable":true,"href":"https:\/\/arbetarkultur.se\/index.php?rest_route=%2Fwp%2Fv2%2Ftags&post=754"}],"curies":[{"name":"wp","href":"https:\/\/api.w.org\/{rel}","templated":true}]}}