{"id":785,"date":"2022-03-27T07:45:42","date_gmt":"2022-03-27T07:45:42","guid":{"rendered":"http:\/\/arbetarkultur.se\/?p=785"},"modified":"2022-03-27T07:45:42","modified_gmt":"2022-03-27T07:45:42","slug":"hemindustrins-globala-historia-2","status":"publish","type":"post","link":"https:\/\/arbetarkultur.se\/?p=785","title":{"rendered":"Hemindustrins globala historia"},"content":{"rendered":"\n<p><strong> <\/strong>Varf\u00f6r forts\u00e4tter hemindustrin vara en livaktig produktionsform trots att den ofta antas blivit utkonkurrerad av fabriksindustrin redan under tidigt 1800-tal? Vad finns det f\u00f6r likheter mellan hemarbetare i Buenos Aires 1850, Grekland 1930 och Jaipur 2009? Och hur ledde Arbetarbostaden p\u00e5 Skansen till att v\u00e4rldens f\u00f6rsta international f\u00f6r hemarbetarorganisationer h\u00f6lls i Stockholm 2018?<\/p>\n\n\n\n<p>H\u00f6r Silke Neunsinger och Malin Nilsson prata om den nyutkomna antologin \u201dHome-based work and home-based workers 1800-2021\u201d. I boken behandlar tjugotv\u00e5 f\u00f6rfattare, tv\u00e5 konstn\u00e4rer och en poet hemindustriarbete \u00f6ver tre kontinenter och tv\u00e5 \u00e5rhundraden.<\/p>\n\n\n\n<p>Webbs\u00e4nt seminarium, tisdagen 29 mars kl. 16.00 &#8211; 17.00<\/p>\n\n\n\n<p><a href=\"https:\/\/zoom.us\/j\/93222691788\">https:\/\/zoom.us\/j\/93222691788<\/a><\/p>\n\n\n\n<p>Anordnas av Arbetarr\u00f6relsens arkiv och bibliotek, Arbetarnas Kulturhistoriska S\u00e4llskap, Arena Id\u00e9, ABF Stockholm och ABF G\u00f6teborg<\/p>\n","protected":false},"excerpt":{"rendered":"<p>Varf\u00f6r forts\u00e4tter hemindustrin vara en livaktig produktionsform trots att den ofta antas blivit utkonkurrerad av fabriksindustrin redan under tidigt 1800-tal? Vad finns det f\u00f6r&#8230;<\/p>\n","protected":false},"author":1,"featured_media":0,"comment_status":"open","ping_status":"open","sticky":false,"template":"","format":"standard","meta":{"footnotes":""},"categories":[1],"tags":[],"class_list":["post-785","post","type-post","status-publish","format-standard","hentry","category-nyheter"],"_links":{"self":[{"href":"https:\/\/arbetarkultur.se\/index.php?rest_route=\/wp\/v2\/posts\/785","targetHints":{"allow":["GET"]}}],"collection":[{"href":"https:\/\/arbetarkultur.se\/index.php?rest_route=\/wp\/v2\/posts"}],"about":[{"href":"https:\/\/arbetarkultur.se\/index.php?rest_route=\/wp\/v2\/types\/post"}],"author":[{"embeddable":true,"href":"https:\/\/arbetarkultur.se\/index.php?rest_route=\/wp\/v2\/users\/1"}],"replies":[{"embeddable":true,"href":"https:\/\/arbetarkultur.se\/index.php?rest_route=%2Fwp%2Fv2%2Fcomments&post=785"}],"version-history":[{"count":1,"href":"https:\/\/arbetarkultur.se\/index.php?rest_route=\/wp\/v2\/posts\/785\/revisions"}],"predecessor-version":[{"id":786,"href":"https:\/\/arbetarkultur.se\/index.php?rest_route=\/wp\/v2\/posts\/785\/revisions\/786"}],"wp:attachment":[{"href":"https:\/\/arbetarkultur.se\/index.php?rest_route=%2Fwp%2Fv2%2Fmedia&parent=785"}],"wp:term":[{"taxonomy":"category","embeddable":true,"href":"https:\/\/arbetarkultur.se\/index.php?rest_route=%2Fwp%2Fv2%2Fcategories&post=785"},{"taxonomy":"post_tag","embeddable":true,"href":"https:\/\/arbetarkultur.se\/index.php?rest_route=%2Fwp%2Fv2%2Ftags&post=785"}],"curies":[{"name":"wp","href":"https:\/\/api.w.org\/{rel}","templated":true}]}}