{"id":791,"date":"2022-04-26T08:50:32","date_gmt":"2022-04-26T08:50:32","guid":{"rendered":"http:\/\/arbetarkultur.se\/?p=791"},"modified":"2022-04-26T08:50:32","modified_gmt":"2022-04-26T08:50:32","slug":"med-filmen-som-vapen","status":"publish","type":"post","link":"https:\/\/arbetarkultur.se\/?p=791","title":{"rendered":"Med filmen som vapen"},"content":{"rendered":"\n<p><strong><em>Med filmen\nsom vapen<\/em><\/strong><\/p>\n\n\n\n<p>Stefan Jarl, Lars Westman\/Lena Ewerts, Jan Myrdal\/Rune Hassner<\/p>\n\n\n\n<p>1966 s\u00e4nde\nSVT <strong>Jan Myrdals<\/strong> och <strong>Rune Hassners<\/strong> film <em>Myglaren<\/em> som blev\nen \u00f6gon\u00f6ppnare f\u00f6r m\u00e5nga. Det var den f\u00f6rsta svenska l\u00e5ngfilm som gjorts direkt\nf\u00f6r tv. Filmen har kallats \u201den av de f\u00f6rsta lyckade politiska filmerna i\nSverige\u201d. <\/p>\n\n\n\n<p>&nbsp;&nbsp; S\u00e5 kunde man allts\u00e5 g\u00f6ra politisk film, med\nsamh\u00e4llskritiskt inneh\u00e5ll. Dessutom p\u00e5 liten budget. Det s\u00e5gs inte med blida\n\u00f6gon \u00f6verallt. Tv\u00e5 \u00e5r senare \u00e5terkom paret Hassner\/Myrdal med <em>Hj\u00e4lparen<\/em>\nf\u00f6r SVT, en film i samma anda. <\/p>\n\n\n\n<p>&nbsp;&nbsp; Jan Myrdal och Rune Hassner f\u00f6rdjupade\nsenare v\u00e5rt intresse f\u00f6r den politiska bilden i tv-serien <em>Bilden som vapen<\/em>.\nTillsammans kom dessa filmer att p\u00e5verka en generation filmare. <\/p>\n\n\n\n<p><strong>Under tre\nl\u00f6rdagar<\/strong> \u00e4r \u201dFilmen\nsom vapen\u201d tema f\u00f6r film- och diskussionstr\u00e4ffar p\u00e5 ABF-huset i samarrangemang\nmellan nedanst\u00e5ende organisationer. <\/p>\n\n\n\n<p><strong>L\u00f6rdagen den 7 maj kl 13.00<\/strong>, \u00e4r <strong>Lars Westmans\/Lena Ewerts<\/strong> film om strejken i Malmf\u00e4lten 1969\/70, <em>Kamrater, motst\u00e5ndaren \u00e4r v\u00e4lorganiserad<\/em>, den legendariska filmen om strejken som f\u00f6r\u00e4ndrade Sverige.<\/p>\n\n\n\n<p><strong>L\u00f6rdagen den 14 maj kl 13.00<\/strong> visas <strong>Stefan Jarls<\/strong> film <em>Underkastelse<\/em>, som handlar om de hundratals kemikalier vi alla b\u00e4r i v\u00e5rt blod, som ett resultat av den oerh\u00f6rda m\u00e4ngd kemikalier i v\u00e5r milj\u00f6. \u201dOne Of The Most Important Films Of The Century\u201d, enligt <strong>Michael Stanley-Jones<\/strong>. FN, Gen\u00e8ve. <\/p>\n\n\n\n<p><strong>L\u00f6rdagen den\n21 maj<\/strong> <strong>kl 13.00<\/strong> avslutas m\u00f6tesserien\nmed Myrdal\/Hassners film <em>Myglaren. <\/em><\/p>\n\n\n\n<p><strong>Dessa tre<\/strong> produktioner illustrerar ett genombrott f\u00f6r den\nradikala politiska filmen. \u00c4r detta bara historia idag eller f\u00f6rs traditionen\nvidare? Forts\u00e4tter upproret mot orimliga maktf\u00f6rh\u00e5llanden i samh\u00e4llet och en\nkultur som bara fungerar som sm\u00f6rjmedel i st\u00e4llet f\u00f6r att ifr\u00e5gas\u00e4tta? S\u00e4rskilt\nunga filmare och cineaster v\u00e4lkomnas! <\/p>\n\n\n\n<p>M\u00f6jlighet\ntill diskussion efter alla filmerna med bland andra Lars Westman och Stefan\nJarl. <\/p>\n\n\n\n<p>H\u00e5ll utkik\np\u00e5 ABF:s hemsida under evenemang f\u00f6r n\u00e4rmare information om programmet.\nBiljetter k\u00f6pes via ABF f\u00f6r 60 kr per f\u00f6rest\u00e4llning.<\/p>\n\n\n\n<p>Arrang\u00f6rer:<\/p>\n\n\n\n<p>ABF Stockholm, AKS (Arbetarnas Kulturhistoriska S\u00e4llskap),\nFiB\/K, Jan Myrdals\u00e4llskapet samt Jan Myrdal\/Gun Kessles stiftelse.<\/p>\n","protected":false},"excerpt":{"rendered":"<p>Med filmen som vapen Stefan Jarl, Lars Westman\/Lena Ewerts, Jan Myrdal\/Rune Hassner 1966 s\u00e4nde SVT Jan Myrdals och Rune Hassners film Myglaren som blev&#8230;<\/p>\n","protected":false},"author":1,"featured_media":0,"comment_status":"open","ping_status":"open","sticky":false,"template":"","format":"standard","meta":{"footnotes":""},"categories":[1],"tags":[],"class_list":["post-791","post","type-post","status-publish","format-standard","hentry","category-nyheter"],"_links":{"self":[{"href":"https:\/\/arbetarkultur.se\/index.php?rest_route=\/wp\/v2\/posts\/791","targetHints":{"allow":["GET"]}}],"collection":[{"href":"https:\/\/arbetarkultur.se\/index.php?rest_route=\/wp\/v2\/posts"}],"about":[{"href":"https:\/\/arbetarkultur.se\/index.php?rest_route=\/wp\/v2\/types\/post"}],"author":[{"embeddable":true,"href":"https:\/\/arbetarkultur.se\/index.php?rest_route=\/wp\/v2\/users\/1"}],"replies":[{"embeddable":true,"href":"https:\/\/arbetarkultur.se\/index.php?rest_route=%2Fwp%2Fv2%2Fcomments&post=791"}],"version-history":[{"count":1,"href":"https:\/\/arbetarkultur.se\/index.php?rest_route=\/wp\/v2\/posts\/791\/revisions"}],"predecessor-version":[{"id":792,"href":"https:\/\/arbetarkultur.se\/index.php?rest_route=\/wp\/v2\/posts\/791\/revisions\/792"}],"wp:attachment":[{"href":"https:\/\/arbetarkultur.se\/index.php?rest_route=%2Fwp%2Fv2%2Fmedia&parent=791"}],"wp:term":[{"taxonomy":"category","embeddable":true,"href":"https:\/\/arbetarkultur.se\/index.php?rest_route=%2Fwp%2Fv2%2Fcategories&post=791"},{"taxonomy":"post_tag","embeddable":true,"href":"https:\/\/arbetarkultur.se\/index.php?rest_route=%2Fwp%2Fv2%2Ftags&post=791"}],"curies":[{"name":"wp","href":"https:\/\/api.w.org\/{rel}","templated":true}]}}